{"id":10426,"date":"2019-10-09T02:29:21","date_gmt":"2019-10-09T02:29:21","guid":{"rendered":"http:\/\/nueva.razacomica.cl\/?p=10426"},"modified":"2019-10-09T02:29:21","modified_gmt":"2019-10-09T02:29:21","slug":"cordero-y-zanahorias","status":"publish","type":"post","link":"https:\/\/razacomica.cl\/sitio\/2019\/10\/09\/cordero-y-zanahorias\/","title":{"rendered":"Cordero y zanahorias"},"content":{"rendered":"<p><\/p>\n<p class=\"align-right\">Esa noche acompa\u00f1\u00e9 a mis padres a la gala del Club du Monde; por ser fin del verano dar\u00edan una cena especial con variedad art\u00edstica para sus socios, la mayor\u00eda comerciantes adinerados espa\u00f1oles, franceses y marroqu\u00edes.<\/p>\n<p>\u00a0<\/p>\n<p>Llegamos al recinto, fastuoso edificio con toda la tradici\u00f3n \u00e1rabe estampada en el a\u00f1il de sus mosaicos y cenefas terracota. Cruzamos el vest\u00edbulo para llegar al sal\u00f3n principal, igualmente opulento, donde servir\u00edan un banquete de al menos cuatro tiempos.<\/p>\n<p>\u00a0<\/p>\n<p>A los ni\u00f1os nos invitaron a pasar al jard\u00edn, pues el espect\u00e1culo de burlesque \u00e1rabe iba a comenzar. \u00a0<\/p>\n<p>\u00a0<\/p>\n<p>Me puse a explorar, y divis\u00e9 al fondo una caseta de donde sal\u00eda humo. Asom\u00e9 la cabeza. Hab\u00eda un hombre alto cubierto con un turbante azul estilo tuareg, s\u00f3lo se distingu\u00edan sus enormes ojos negros, que se achinaron en lo que parec\u00eda una sonrisa. Estaba asando brochetas de carne y zanahoria. Clav\u00f3 tres trozos de cordero en un palito y lo coron\u00f3 con zanahoria ba\u00f1ada en una salsa marr\u00f3n. Me lo dio. Las especias explotaron en mi boca. Gracias, le dije. De un caj\u00f3n sac\u00f3 dos zapatitos dorados que me entreg\u00f3 delicadamente, como si fuesen palomas. Eran para mi hija, pero no le quedaron.<\/p>\n<p>\u00a0<\/p>\n<p>Me fui taconeando cual flamenca, ansiosa por mostrar el regalo a mis padres.<\/p>\n<p>\u00a0<\/p>\n<p>Qu\u00e9 terrible lo de Baider el cocinero\u2026 morir as\u00ed y en el cumplea\u00f1os de su hija\u2026 dicen que volv\u00eda a su hogar despu\u00e9s de la revuelta civil, relataba mi padre a mi madre camino al hotel, en cuya terraza pas\u00e9 la madrugada para que el jaloque[note]Palabra de origen \u00e1rabe: viento de levante.[\/note] secara mis l\u00e1grimas.<\/p>\n<p><\/p>\n","protected":false},"excerpt":{"rendered":"<p>A los ni\u00f1os nos invitaron a pasar al jard\u00edn, pues el espect\u00e1culo de burlesque \u00e1rabe iba a comenzar.  <\/p>\n","protected":false},"author":221,"featured_media":10427,"comment_status":"closed","ping_status":"closed","sticky":false,"template":"","format":"standard","meta":{"_acf_changed":false,"footnotes":""},"categories":[10],"tags":[448,458,1790,1789,531,37],"taxonomy\/multi-autores":[],"taxonomy\/archivo-especiales":[],"class_list":["post-10426","post","type-post","status-publish","format-standard","has-post-thumbnail","hentry","category-persiana-americana","tag-cultura","tag-latinoamerica","tag-microcuento","tag-migracion-arabe","tag-politica","tag-raza-comica"],"acf":[],"_links":{"self":[{"href":"https:\/\/razacomica.cl\/sitio\/wp-json\/wp\/v2\/posts\/10426","targetHints":{"allow":["GET"]}}],"collection":[{"href":"https:\/\/razacomica.cl\/sitio\/wp-json\/wp\/v2\/posts"}],"about":[{"href":"https:\/\/razacomica.cl\/sitio\/wp-json\/wp\/v2\/types\/post"}],"author":[{"embeddable":true,"href":"https:\/\/razacomica.cl\/sitio\/wp-json\/wp\/v2\/users\/221"}],"replies":[{"embeddable":true,"href":"https:\/\/razacomica.cl\/sitio\/wp-json\/wp\/v2\/comments?post=10426"}],"version-history":[{"count":0,"href":"https:\/\/razacomica.cl\/sitio\/wp-json\/wp\/v2\/posts\/10426\/revisions"}],"wp:featuredmedia":[{"embeddable":true,"href":"https:\/\/razacomica.cl\/sitio\/wp-json\/wp\/v2\/media\/10427"}],"wp:attachment":[{"href":"https:\/\/razacomica.cl\/sitio\/wp-json\/wp\/v2\/media?parent=10426"}],"wp:term":[{"taxonomy":"category","embeddable":true,"href":"https:\/\/razacomica.cl\/sitio\/wp-json\/wp\/v2\/categories?post=10426"},{"taxonomy":"post_tag","embeddable":true,"href":"https:\/\/razacomica.cl\/sitio\/wp-json\/wp\/v2\/tags?post=10426"},{"taxonomy":"multi-autores","embeddable":true,"href":"https:\/\/razacomica.cl\/sitio\/wp-json\/wp\/v2\/taxonomy\/multi-autores?post=10426"},{"taxonomy":"archivo-especiales","embeddable":true,"href":"https:\/\/razacomica.cl\/sitio\/wp-json\/wp\/v2\/taxonomy\/archivo-especiales?post=10426"}],"curies":[{"name":"wp","href":"https:\/\/api.w.org\/{rel}","templated":true}]}}