{"id":10630,"date":"2019-11-15T13:55:51","date_gmt":"2019-11-15T13:55:51","guid":{"rendered":"http:\/\/nueva.razacomica.cl\/?p=10630"},"modified":"2019-11-18T05:14:32","modified_gmt":"2019-11-18T05:14:32","slug":"vivir-en-plaza-de-la-dignidad","status":"publish","type":"post","link":"https:\/\/razacomica.cl\/sitio\/2019\/11\/15\/vivir-en-plaza-de-la-dignidad\/","title":{"rendered":"Vivir en Plaza de la dignidad"},"content":{"rendered":"<p><\/p>\n<h6 class=\"p1\"><span class=\"s1\">Cuando se cumpl\u00eda una semana de las protestas, la TV mostraba una nota que titulaba \u00abEl drama de vivir en Plaza Italia\u00bb, el encuadre majadero de los medios de comunicaci\u00f3n masiva aislaba otra vez a los que Mariano Puga identific\u00f3 como aquellos \u00abque deben taparse la cara para contribuir con su cuota de violencia\u00bb. Lo dice bien Don Mariano, porque contribuyen, aunque incluso desde el Zurdist\u00e1n se los trata de fosilizar, la idea -probablemente instalada por la inteligencia rusa en nuestras cabezas- es que son el producto m\u00e1s inasible de la codicia, yo tambi\u00e9n he repetido como loro la frase. Pero mi experiencia en estos d\u00edas me dice que no son una simple y llana cosecha del sistema. Est\u00e1n en el margen, no doblan el espinazo, no agachan la cabeza. Para m\u00ed no son un \u201cproducto\u201d y lo difuso de su significado es un completo gesto de insurrecci\u00f3n, que acompa\u00f1a los gritos, los carteles, los disfraces y la dignidad de la calle.<\/span><\/h6>\n<p class=\"align-right\">\u00a0<\/p>\n<h6 class=\"p1\"><span class=\"s1\">Al encuadre majadero de la prensa he tratado por estos d\u00edas de oponer mi propio encuadre, mi propia experiencia de vivir en el sector de Plaza Italia. Anoche, por ejemplo, aqu\u00ed en mi calle en la postal aparec\u00edan las estelas del humo que dejan las lacrim\u00f3genas, jalabineros que avanzaban tras esa estela apuntando y un helic\u00f3ptero que pasaba insistentemente llenando de ruido y una luz siniestra la calle. Esa era la imagen que llenaba mi mirada, todo eso mientras en la TV daban Titanic.<\/span><\/h6>\n<p>\u00a0<\/p>\n<h6 class=\"p1\"><span class=\"s1\">Si voy m\u00e1s atr\u00e1s veo una once en mi departamento con algunos vecinos, veo en la mesa el pan amasado exquisito que cocin\u00f3 la vecina del 02. D\u00edas despu\u00e9s en la misma mesa veo a mi hijo incentivado por su maravilloso t\u00edo, dibujando un alien\u00edgena para su cartel. Luego salto hacia atr\u00e1s y me veo unos d\u00edas antes junto a ex vecinas (ahora nuevas amigas) comiendo sushi en un restaurante, con la cacerola y la cuchara de palo apoyada en mis rodillas. Veo a casi todos los que llegan al lugar con la cacerola y la cuchara apoyada en sus rodillas, me miro y me veo medio contenta de encontrar un lugar abierto, medio avergonzada de estar ah\u00ed, mientras comemos por fuera pasan tanquetas con milicos.<\/span><\/h6>\n<p>\u00a0<\/p>\n<h6 class=\"p1\"><span class=\"s1\">Otro d\u00eda, a media cuadra del local de sushi, veo un ni\u00f1o de 14 a\u00f1os con dos perdigones en la mand\u00edbula. Ven\u00eda a protestar a Plaza Italia desde lejos, desde ese sur de Santiago que yo abandon\u00e9 hace a\u00f1os. Una desconocida con una ternura infinita, lo llev\u00f3 hasta la urgencia porque se qued\u00f3 solo. Sus amigos hab\u00edan sido \u201cdispersados\u201d (\u00bfas\u00ed se dice en la Tele cuando quieren decir reprimidos no?) por jalabineros, recuerdo los sushis que me hab\u00eda comido hace unos d\u00edas a media cuadra de ah\u00ed y me dan ganas de vomitar.<\/span><\/h6>\n<p>\u00a0<\/p>\n<h6 class=\"p1\"><span class=\"s1\">Luego viene otro recuerdo, se est\u00e1n quemando cinco micros y empiezan a saquear la farmacia de la esquina. Escucho a alguien decir -\u201ctoy que voy a sacar una cremita\u201d, le sonr\u00edo, lo pienso, pero mi moral peque\u00f1o burguesa tiende una cadena entre mi olla, mi cuchara de palo y mis pies, se me hace imposible caminar hacia la farmacia.<\/span><\/h6>\n<p>\u00a0<\/p>\n<h6 class=\"p1\"><span class=\"s1\">Otro d\u00eda estamos en asamblea de barrio. Entre medio, pasan y pasan los manifestantes que se devuelven a sus casas. Pasa el carro lanza agua amenazante, 1, 2, 3, 4 veces por el lado de la asamblea y nos ponemos nerviosos. Un compa\u00f1ero toma el micr\u00f3fono y dice que el paso del carro lanza agua es parte de una campa\u00f1a de incentivo que hab\u00edan preparado en la comisi\u00f3n de acci\u00f3n directa, adem\u00e1s que en sus reuniones hay quequitos. Nos re\u00edmos. En la misma asamblea pasa un punky, se pone a gritar-nos, hay que quemarlo todo dice, las barricadas dice, no hay que hablar, hay que poner el cuerpo dice. Al lado m\u00edo est\u00e1 sentado un chiquillo que recuerdo de cu\u00e1ndo intent\u00e9 practicar meditaci\u00f3n. Esto es un zool\u00f3gico pienso, un bello zool\u00f3gico.<\/span><\/h6>\n<p>\u00a0<\/p>\n<h6 class=\"p1\"><span class=\"s1\">Otro d\u00eda, marchamos de nuevo, nos encontramos a Don Recoleto en medio de la marcha y la gente lo saluda con alegr\u00eda, le piden fotos, a mi me toca tomar un par, \u00e9l sonr\u00ede con su dentadura casi tan blanca como su camisa, con la legitimidad que le da su obra, un nombre se me clava en la frente, el de un compa\u00f1ero de militancia de Don Recoleto, Eduardo Mi\u00f1o, qui\u00e9n hace casi 20 a\u00f1os, antes de quemarse a lo bonzo frente a la moneda, reparte una carta que cierra con la siguiente frase \u201cMi alma que desborda humanidad, ya no soporta tanta injusticia\u201d.<\/span><\/h6>\n<p>\u00a0<\/p>\n<h6 class=\"p1\"><span class=\"s1\">Descubro que me han repetido tan majaderamente que son hechos aislados, que por m\u00e1s que sepa que no lo son, no me es posible juntarlo todo, apenas alcanzo a dibujar con palabras un conjunto. Ese conjunto es mi propia experiencia de <\/span><span class=\"s2\">vivir cerquita de la Plaza de la Dignidad<\/span><span class=\"s1\">, el lugar d\u00f3nde el pueblo va a poner el cuerpo a ese mont\u00f3n de historias de humanidad e injusticia, el lugar donde por estos d\u00edas los estereotipos no s\u00f3lo se han roto, sino que el pueblo juega con ellos, los transforma en fantasmas o espantap\u00e1jaros, a los que interviene de contrabando. Vivir en <\/span><span class=\"s2\">la Plaza de la Dignidad<\/span><span class=\"s1\"> por estos d\u00edas no es f\u00e1cil, pero no es un drama, es pura vitalidad, pura humanidad.<\/span><\/h6>\n<p><\/p>\n","protected":false},"excerpt":{"rendered":"<p>Al encuadre majadero de la prensa he tratado por estos d\u00edas de oponer mi propio encuadre, mi propia experiencia de vivir en el sector de Plaza Italia. Anoche, por ejemplo, aqu\u00ed en mi calle en la postal aparec\u00edan las estelas del humo que dejan las lacrim\u00f3genas, jalabineros que avanzaban tras esa estela apuntando y un helic\u00f3ptero que pasaba insistentemente llenando de ruido y una luz siniestra la calle.<\/p>\n","protected":false},"author":228,"featured_media":10632,"comment_status":"closed","ping_status":"closed","sticky":false,"template":"","format":"standard","meta":{"_acf_changed":false,"footnotes":""},"categories":[1],"tags":[],"taxonomy\/multi-autores":[],"taxonomy\/archivo-especiales":[],"class_list":["post-10630","post","type-post","status-publish","format-standard","has-post-thumbnail","hentry","category-sin-categoria"],"acf":[],"_links":{"self":[{"href":"https:\/\/razacomica.cl\/sitio\/wp-json\/wp\/v2\/posts\/10630","targetHints":{"allow":["GET"]}}],"collection":[{"href":"https:\/\/razacomica.cl\/sitio\/wp-json\/wp\/v2\/posts"}],"about":[{"href":"https:\/\/razacomica.cl\/sitio\/wp-json\/wp\/v2\/types\/post"}],"author":[{"embeddable":true,"href":"https:\/\/razacomica.cl\/sitio\/wp-json\/wp\/v2\/users\/228"}],"replies":[{"embeddable":true,"href":"https:\/\/razacomica.cl\/sitio\/wp-json\/wp\/v2\/comments?post=10630"}],"version-history":[{"count":0,"href":"https:\/\/razacomica.cl\/sitio\/wp-json\/wp\/v2\/posts\/10630\/revisions"}],"wp:featuredmedia":[{"embeddable":true,"href":"https:\/\/razacomica.cl\/sitio\/wp-json\/wp\/v2\/media\/10632"}],"wp:attachment":[{"href":"https:\/\/razacomica.cl\/sitio\/wp-json\/wp\/v2\/media?parent=10630"}],"wp:term":[{"taxonomy":"category","embeddable":true,"href":"https:\/\/razacomica.cl\/sitio\/wp-json\/wp\/v2\/categories?post=10630"},{"taxonomy":"post_tag","embeddable":true,"href":"https:\/\/razacomica.cl\/sitio\/wp-json\/wp\/v2\/tags?post=10630"},{"taxonomy":"multi-autores","embeddable":true,"href":"https:\/\/razacomica.cl\/sitio\/wp-json\/wp\/v2\/taxonomy\/multi-autores?post=10630"},{"taxonomy":"archivo-especiales","embeddable":true,"href":"https:\/\/razacomica.cl\/sitio\/wp-json\/wp\/v2\/taxonomy\/archivo-especiales?post=10630"}],"curies":[{"name":"wp","href":"https:\/\/api.w.org\/{rel}","templated":true}]}}