{"id":10962,"date":"2020-01-15T16:22:39","date_gmt":"2020-01-15T16:22:39","guid":{"rendered":"http:\/\/nueva.razacomica.cl\/?p=10962"},"modified":"2020-01-15T16:22:39","modified_gmt":"2020-01-15T16:22:39","slug":"biblioteca-fragmentada-10-anos-articulando-una-coleccion-de-lecturas-feministas-y-sexodisidentes-en-la-red","status":"publish","type":"post","link":"https:\/\/razacomica.cl\/sitio\/2020\/01\/15\/biblioteca-fragmentada-10-anos-articulando-una-coleccion-de-lecturas-feministas-y-sexodisidentes-en-la-red\/","title":{"rendered":"Biblioteca Fragmentada:  10 a\u00f1os articulando una colecci\u00f3n de lecturas feministas  y sexodisidentes en la red"},"content":{"rendered":"<p><\/p>\n<p class=\"align-right\">\u00a0<\/p>\n<p>\u00a0<\/p>\n<p><a href=\"https:\/\/www.bibliotecafragmentada.org\/\">Biblioteca Fragmentada<\/a> es una biblioteca virtual feminista y sexodisidente creada en Chile que, actualmente, cuenta con un cat\u00e1logo de aproximadamente 700 textos, ordenados en distintas categor\u00edas tem\u00e1ticas que se encuentran disponibles para descarga libre, segura, gratuita y legal. \u00a0Se trata de un proyecto autogestionado que busca difundir distintas lecturas feministas publicadas con licencias libres del tipo Creative Commons y en formato PDF. Biblioteca Fragementada utiliza internet como un nicho de intercambio para imaginar una comunidad de lecturas y escrituras activistas que se sue\u00f1a como una red capaz de desafiar los mecanismos de valoraci\u00f3n de los saberes y sus formas reconocidas de difusi\u00f3n.<\/p>\n<p>\u00a0<\/p>\n<p>&nbsp;<\/p>\n<p>La primera versi\u00f3n de la p\u00e1gina de la biblioteca fue puesta en l\u00ednea en enero del a\u00f1o 2010, tiempo en el que -a diferencia de lo que ocurre ahora- encontrar libros en sobre teor\u00edas feministas, interseccionalidad, sexualidades cr\u00edticas y estudios queer no era una tarea f\u00e1cil en nuestro pa\u00eds y, salvo contadas excepciones, tampoco resultaba sencillo en el resto de Latinoam\u00e9rica.<\/p>\n<p>\u00a0<\/p>\n<p>&nbsp;<\/p>\n<p>Hoy, si bien la forma en que circulan los libros y los textos feministas ha cambiado bastante y podemos encontrarnos con frecuencia distintos t\u00edtulos en las librer\u00edas, en las colecciones que forman pare de las bibliotecas de varias universidades y tambi\u00e9n en los cat\u00e1logos de distintas editoriales independientes o de librerxs esecializados, Biblioteca Fragmentada se ha consolidado como una herramienta de b\u00fasqueda y consulta para estudiantes, activistas y acad\u00e9micxs.<\/p>\n<p>\u00a0<\/p>\n<p>La p\u00e1gina diariamente recibe un promedio de 250 visitas y muchas personas que frecuentan su sitio web escriben al equipo que sostiene el proyecto en busca de orientaciones bibliogr\u00e1ficas, recomendaciones complementarias y sugerencias de autorxs.<\/p>\n<p>\u00a0<\/p>\n<p>Uno de los pilares que sostienen la biblioteca tiene que ver con la posibilidad de volver a poner en valor el poder de la teor\u00eda, la escritura y el intercambio de ideas cr\u00edticas como un elemento central para pensar y actuar en clave pol\u00edtica.<\/p>\n<p>\u00a0<\/p>\n<p>Como feministas y activistas ligadas a la disidencia sexual en Chile, reconocemos la importancia de las memorias que se juegan en la acci\u00f3n directa y en la calle como un espacio para la transformaci\u00f3n, pero, al mismo tiempo, desconfiamos profundamente de aquellas posiciones que sostienen que ese es el \u00fanico lugar desde el que es posible levantar discursos que desaf\u00eden los mandatos normativos que ordenan nuestros cuerpos y experiencias en los horizontes de lo posible y lo real.<\/p>\n<p>\u00a0<\/p>\n<p>Sabemos que en Chile y en Am\u00e9rica Latina la calle es un espacio pol\u00edtico fundamental, que ha marcado los devenires de nuestras sociedades en distintas etapas claves de su historia. Sin embargo, desde nuestras propias trincheras de letras, c\u00f3digos y bits, reconocemos la potencia de las teor\u00edas feministas, lesbianas y queer como herramientas para desmontar los imaginarios dominantes, hacernos nuevas preguntas, inventar formas estalladas de relacionarnos y encontrarnos, ficcionar sentidos amplios antiheteroblancocompulsivos de comunidad y denunciar las distintas formas en las que las normas patriarcales se articulan y refuerzan tanto en las instituciones como, tambi\u00e9n, en nuestras propias vidas cotidianas.<\/p>\n<p>\u00a0<\/p>\n<p>Biblioteca Fragmentada articula una colecci\u00f3n abierta, publica y gratuita de lecturas feministas libres y en red, porque como equipo creemos en la potencia de la teor\u00eda y en la fuerza transformadora de las palabras. A las palabras, es decir, a los conceptos clave que los feminismos, las teor\u00edas de g\u00e9nero y los estudios lgbtiq+ construyen y, tambi\u00e9n, a aquellas que tensionan y ponen en jaque a trav\u00e9s de distintas reflexiones y disputas, no las pensamos s\u00f3lo como meras herramientas, sino como un \u00edmpetu, un zumbido o un temblor que nos remece y nos afecta. Esas que se tensan desde la teor\u00eda son las palabras que nos quiebran, las que nos des-hacen, las que nos obligan a mirar incluso aquellos rec\u00f3nditos espacios de nuestro yo frente a los que tenemos que, tal como dice la te\u00f3rica neuquina valeria flores, aprender a escribir contra nosotrxs mismxs.<\/p>\n<p>\u00a0<\/p>\n<p>&nbsp;<\/p>\n<p>Necesitamos palabras y teor\u00edas para sostener modos de lo pol\u00edtico que sean capaces ya no s\u00f3lo de trastocar, sino m\u00e1s bien de vaciar de sentido y contenido a aquellos imaginarios dominantes que nos atraviesan, que nos construyen, que nos asustan o que nos marcan con los signos de lo abyecto y del error.<\/p>\n<p>\u00a0<\/p>\n<p>&nbsp;<\/p>\n<p>Lo que nos hacen las lecturas y reflexiones ligadas a las teor\u00edas feministas, queer y cr\u00edticas del g\u00e9nero como sujetos y, tambi\u00e9n, en tanto que integrantes de distintas comunidades y entornos sociales m\u00e1s o menos difusos, apunta a un gesto que podemos pensar como un ejercicio siempre inacabado de autodesmontaje. Una acci\u00f3n -muchas veces placentera, pero tambi\u00e9n muchas otras dolorosa- de desacomodo de los sentidos de comunes que ordenan lo que podemos ver, c\u00f3mo podemos verlo y con qu\u00e9 intensidad percibimos lo que nos rodea. Necesitamos palabras y teor\u00edas para dejarnos tocar por lo real, para contaminarnos de mundo, para encontrarnos con otros sin imponer nuestros propios lugares, nuestras propias historias, nuestro punto de vista.<\/p>\n<p>\u00a0<\/p>\n<p>&nbsp;<\/p>\n<p>Biblioteca Fragmentada apuesta por construir un repositorio abierto de mundos posibles que se tocan, se mezclan, dialogan, se contradicen y, muchas veces, se transforman unos a otros. Nuestra colecci\u00f3n de lecturas libres, en espa\u00f1ol y en red recoge el trabajo de te\u00f3ricxs, acad\u00e9micxs y activistas de distintas latitudes para articular un entrecruce de im\u00e1genes, palabras, conceptos y ficciones que buscan entender lo real sin so\u00f1ar con poseer totalmente la verdad, desafiando aquellas estructuras normativas que pretenden ordenarnos en t\u00e9rminos de raza, clase, edad, sexualidad, g\u00e9nero, entre otras.<\/p>\n<p>&nbsp;<\/p>\n<p>Creemos que lo que Biblioteca Fragmentada puede aportar como proyecto tiene que ver con la posibilidad de abrir nuevos caminos para que la calle y la teor\u00eda o la calle y la escritura vuelvan a encontrarse, ya no como espacios separados y opuestos, sino desde alianzas posibles -aunque no siempre f\u00e1ciles- desde las cuales imaginar modos para estallar los m\u00e1rgenes del reconocimiento y hacer la vida vivible para todxs.<\/p>\n<p>&nbsp;<\/p>\n<p>Para imaginar nuevos mundos tenemos que impulsar la ruptura de los m\u00e1rgenes que nos constri\u00f1en y nos obligan a abrazar distintos tipos de silencios. Cuidar las palabras, recorrerlas, disputarlas y, con ellas, revisar los modos en los que construimos e imaginamos los mundos que habitamos, es un ejercicio siempre en construcci\u00f3n que resulta fundamental si queremos cambiar los modos en los que funcionan las normas que nos violentan. Aqu\u00ed no hablamos de integraci\u00f3n a la medida, sino de la articulaci\u00f3n de nuevas comunidades de sentido en las que las diferencias no sea m\u00e1s algo sobre lo que haya que callarse, sino m\u00e1s bien, un punto de anclaje para empezar a encontrarnos.<\/p>\n<p>&nbsp;<\/p>\n<p>Creemos en las palabras, en la escritura y en la teor\u00eda. Junto a ellas celebramos hoy, como equipo, nuestro n\u00famero 10\u00ba y repetimos una vez m\u00e1s para darnos fuerza \u201cLeer, difundir y compartir, TODXS SOMOS LA RED\u201d<\/p>\n<p><\/p>\n","protected":false},"excerpt":{"rendered":"<p>Necesitamos palabras y teor\u00edas para sostener modos de lo pol\u00edtico que sean capaces ya no s\u00f3lo de trastocar, sino m\u00e1s bien de vaciar de sentido y contenido a aquellos imaginarios dominantes que nos atraviesan, que nos construyen, que nos asustan o que nos marcan con los signos de lo abyecto y del error.<\/p>\n","protected":false},"author":240,"featured_media":10969,"comment_status":"closed","ping_status":"closed","sticky":false,"template":"","format":"standard","meta":{"_acf_changed":false,"footnotes":""},"categories":[20],"tags":[1963,1961,1960,1962,1964,1965],"taxonomy\/multi-autores":[],"taxonomy\/archivo-especiales":[],"class_list":["post-10962","post","type-post","status-publish","format-standard","has-post-thumbnail","hentry","category-yo-la-peor-de-todas","tag-biblioteca-fragmentada","tag-disidencias","tag-feminismos","tag-queer","tag-teoria","tag-teoria-queer"],"acf":[],"_links":{"self":[{"href":"https:\/\/razacomica.cl\/sitio\/wp-json\/wp\/v2\/posts\/10962","targetHints":{"allow":["GET"]}}],"collection":[{"href":"https:\/\/razacomica.cl\/sitio\/wp-json\/wp\/v2\/posts"}],"about":[{"href":"https:\/\/razacomica.cl\/sitio\/wp-json\/wp\/v2\/types\/post"}],"author":[{"embeddable":true,"href":"https:\/\/razacomica.cl\/sitio\/wp-json\/wp\/v2\/users\/240"}],"replies":[{"embeddable":true,"href":"https:\/\/razacomica.cl\/sitio\/wp-json\/wp\/v2\/comments?post=10962"}],"version-history":[{"count":0,"href":"https:\/\/razacomica.cl\/sitio\/wp-json\/wp\/v2\/posts\/10962\/revisions"}],"wp:featuredmedia":[{"embeddable":true,"href":"https:\/\/razacomica.cl\/sitio\/wp-json\/wp\/v2\/media\/10969"}],"wp:attachment":[{"href":"https:\/\/razacomica.cl\/sitio\/wp-json\/wp\/v2\/media?parent=10962"}],"wp:term":[{"taxonomy":"category","embeddable":true,"href":"https:\/\/razacomica.cl\/sitio\/wp-json\/wp\/v2\/categories?post=10962"},{"taxonomy":"post_tag","embeddable":true,"href":"https:\/\/razacomica.cl\/sitio\/wp-json\/wp\/v2\/tags?post=10962"},{"taxonomy":"multi-autores","embeddable":true,"href":"https:\/\/razacomica.cl\/sitio\/wp-json\/wp\/v2\/taxonomy\/multi-autores?post=10962"},{"taxonomy":"archivo-especiales","embeddable":true,"href":"https:\/\/razacomica.cl\/sitio\/wp-json\/wp\/v2\/taxonomy\/archivo-especiales?post=10962"}],"curies":[{"name":"wp","href":"https:\/\/api.w.org\/{rel}","templated":true}]}}