{"id":13235,"date":"2021-05-01T02:09:42","date_gmt":"2021-05-01T02:09:42","guid":{"rendered":"https:\/\/razacomica.cl\/sitio\/?p=13235"},"modified":"2021-05-01T02:09:50","modified_gmt":"2021-05-01T02:09:50","slug":"vi-los-enamorados","status":"publish","type":"post","link":"https:\/\/razacomica.cl\/sitio\/2021\/05\/01\/vi-los-enamorados\/","title":{"rendered":"VI Los Enamorados"},"content":{"rendered":"<p><\/p>\n<p class=\"align-right\">\u00a0<\/p>\n<p>\u00a0<\/p>\n<h6 style=\"text-align: right;\"><em>Tous les baisers re\u00e7us<br \/>\nsavais tu qu\u2019ils duraient?,<br \/>\nqu\u2019en se mordant la bouche<br \/>\nle gout en revenait?<\/em><\/h6>\n<h6 style=\"text-align: right;\">Dominique A<\/h6>\n<p><em>\u00a0<\/em><\/p>\n<p>Despu\u00e9s del concierto, \u00e9l me invit\u00f3 a tomar t\u00e9. A pesar de la lluvia y la distancia dijo \u201cquiero caminar contigo\u201d. No era su casa, era de unos amigos con quienes se hosped\u00f3 reci\u00e9n lleg\u00f3 al pa\u00eds; por alguna raz\u00f3n no estar\u00edan.<\/p>\n<p>La sala brill\u00f3 rosa cuando encendi\u00f3 la l\u00e1mpara estilo \u00e1rabe. Subi\u00f3 un olor a madera e incienso.<\/p>\n<p>Revis\u00f3 las alacenas: hay de manzanilla, hierbabuena y este para adelgazar&#8230;<\/p>\n<p>Mientras herv\u00eda el agua, pregunt\u00f3 cosas acerca del tarot que le regal\u00e9 por su cumplea\u00f1os.<\/p>\n<p>\u00bfCu\u00e1l es la mejor carta en temas de amor? Ah, ya, y blandi\u00f3 como un premio el arcano VI.<\/p>\n<p>Sirvi\u00f3 dos tazas humeantes que transfirieron calor a sus manos, con ellas cubri\u00f3 las m\u00edas para compart\u00edrmelo. Tambi\u00e9n nuestras miradas se arroparon bajo esa luz magenta, escenogr\u00e1fica. Ah\u00ed, record\u00e9 que se marchar\u00eda el mes siguiente.<\/p>\n<p>\u00bfTe quieres quedar?, me dijo. Llueve m\u00e1s fuerte.<\/p>\n<p>\u00a0Bromeamos por los trece escalones que bajamos hacia la habitaci\u00f3n, algo sobre aviones y edificios donde se saltan del doce al catorce para no tentar a la suerte. <em>L\u2019arcane sans nom<\/em>, murmur\u00f3 en su idioma.<\/p>\n<p>Nos recostamos, escuchando c\u00f3mo el cielo se deshac\u00eda en una salvaje tormenta veraniega. Coloqu\u00e9 mi cabeza sobre su coraz\u00f3n. O\u00ed sus latidos resonar hasta casi opacar el rumor de agua. Lo abrac\u00e9. \u00c9l respondi\u00f3 besando mi cabello.<\/p>\n<p>Buenas noches.<\/p>\n<p>A ojos cerrados, pens\u00e9 en todas las lecturas de tarot que estaban por venir, donde preguntar\u00eda si a\u00fan me amaba, s\u00ed nos reencontrar\u00edamos, acaso, en alguna ciudad lejana llena de balcones floridos. \u00bfY si aparec\u00eda el arcano sin nombre?<\/p>\n<p>Sobre la mesa de la cocina quedaron dos tazas a medio beber, sutil olor hierbabuena, y justo entre ellas el arcano VI resplandeciendo; un presagio, quiz\u00e1 una promesa, con su \u00e1rbol llameante y su sol dorado, tan abrasador, que la muerte no tendr\u00eda m\u00e1s remedio que marchitarse.<\/p>\n<p><\/p>\n","protected":false},"excerpt":{"rendered":"<p>Sobre la mesa de la cocina quedaron dos tazas a medio beber, sutil olor hierbabuena, y justo entre ellas el arcano VI resplandeciendo; un presagio, quiz\u00e1 una promesa, con su \u00e1rbol llameante y su sol dorado, tan abrasador, que la muerte no tendr\u00eda m\u00e1s remedio que marchitarse. <\/p>\n","protected":false},"author":221,"featured_media":13236,"comment_status":"closed","ping_status":"closed","sticky":false,"template":"","format":"standard","meta":{"_acf_changed":false,"footnotes":""},"categories":[16],"tags":[57,1790,2824],"taxonomy\/multi-autores":[],"taxonomy\/archivo-especiales":[],"class_list":["post-13235","post","type-post","status-publish","format-standard","has-post-thumbnail","hentry","category-la-ciudad-letrada","tag-literatura","tag-microcuento","tag-tarot"],"acf":[],"_links":{"self":[{"href":"https:\/\/razacomica.cl\/sitio\/wp-json\/wp\/v2\/posts\/13235","targetHints":{"allow":["GET"]}}],"collection":[{"href":"https:\/\/razacomica.cl\/sitio\/wp-json\/wp\/v2\/posts"}],"about":[{"href":"https:\/\/razacomica.cl\/sitio\/wp-json\/wp\/v2\/types\/post"}],"author":[{"embeddable":true,"href":"https:\/\/razacomica.cl\/sitio\/wp-json\/wp\/v2\/users\/221"}],"replies":[{"embeddable":true,"href":"https:\/\/razacomica.cl\/sitio\/wp-json\/wp\/v2\/comments?post=13235"}],"version-history":[{"count":0,"href":"https:\/\/razacomica.cl\/sitio\/wp-json\/wp\/v2\/posts\/13235\/revisions"}],"wp:featuredmedia":[{"embeddable":true,"href":"https:\/\/razacomica.cl\/sitio\/wp-json\/wp\/v2\/media\/13236"}],"wp:attachment":[{"href":"https:\/\/razacomica.cl\/sitio\/wp-json\/wp\/v2\/media?parent=13235"}],"wp:term":[{"taxonomy":"category","embeddable":true,"href":"https:\/\/razacomica.cl\/sitio\/wp-json\/wp\/v2\/categories?post=13235"},{"taxonomy":"post_tag","embeddable":true,"href":"https:\/\/razacomica.cl\/sitio\/wp-json\/wp\/v2\/tags?post=13235"},{"taxonomy":"multi-autores","embeddable":true,"href":"https:\/\/razacomica.cl\/sitio\/wp-json\/wp\/v2\/taxonomy\/multi-autores?post=13235"},{"taxonomy":"archivo-especiales","embeddable":true,"href":"https:\/\/razacomica.cl\/sitio\/wp-json\/wp\/v2\/taxonomy\/archivo-especiales?post=13235"}],"curies":[{"name":"wp","href":"https:\/\/api.w.org\/{rel}","templated":true}]}}