{"id":13701,"date":"2021-10-12T14:07:54","date_gmt":"2021-10-12T14:07:54","guid":{"rendered":"https:\/\/razacomica.cl\/sitio\/?p=13701"},"modified":"2021-10-12T14:10:00","modified_gmt":"2021-10-12T14:10:00","slug":"poesia-emilia-milen-o-las-pupilas-que-hacen-inclinarse-el-suelo-bajo-los-parpados","status":"publish","type":"post","link":"https:\/\/razacomica.cl\/sitio\/2021\/10\/12\/poesia-emilia-milen-o-las-pupilas-que-hacen-inclinarse-el-suelo-bajo-los-parpados\/","title":{"rendered":"[Poes\u00eda] Emilia Milen o las pupilas que hacen inclinarse el suelo bajo los p\u00e1rpados"},"content":{"rendered":"<p><\/p>\n<p class=\"align-right\">\u00a0<\/p>\n<p>Caigo al sue\u00f1o junto a ti como un deshecho transparente Emilia<\/p>\n<p>\u00a0<\/p>\n<p>La muerte comienza como un sue\u00f1o<\/p>\n<p>Crece sobre los muros como algo humano extendi\u00e9ndose por los campos<\/p>\n<p>\u00a0<\/p>\n<p>Sale de un peque\u00f1o orificio en la frente<\/p>\n<p>\u00a0<\/p>\n<p>Un orificio solitario como un prado que se abre<\/p>\n<p>Un hueco sordo donde es posible o\u00edr m\u00e1s claro lo no dicho<\/p>\n<p>Una caja de muerte que se abre llena de piedras recodos sombr\u00edos y gritos<\/p>\n<p>Una caja que se abre como los r\u00edos furiosos que tambi\u00e9n se escapan de la tierra<\/p>\n<p>\u00a0<\/p>\n<p>[Sacarle las tripas al sue\u00f1o dijiste Emilia<\/p>\n<p>Dejarlas tibias pudrirse bajo el sol a la manera de las entra\u00f1as de un cordero abandonadas en el rinc\u00f3n m\u00e1s salvaje del olvido puesto que el sue\u00f1o es un cuerpo que vaciaron las hormigas entre mi voz y el silencio Dijiste Eres el fuego y mis manos no arden<\/p>\n<p>\u00a0<\/p>\n<p>[El espejo es el mar de los muertos Emilia<\/p>\n<p>\u00a0<\/p>\n<p>En el rompeolas de mis sue\u00f1os quer\u00eda agarrar la estrella de cada barco y entreg\u00e1rtelas Emilia Milen como t\u00fa me entregas los \u00e1rboles delicados que cubren tu coraz\u00f3n<\/p>\n<p>\u00a0<\/p>\n<p>[Al igual que un gusano la lluvia gotea de los \u00e1rboles<\/p>\n<p>Eres t\u00fa el agua el mar<\/p>\n<p>Te resbalas sobre mi frente<\/p>\n<p>Desciendes al cuerpo y ves mi esp\u00edritu<\/p>\n<p>No te vayas qu\u00e9date ven a hablar para nadie a escribir para alguien<\/p>\n<p>Pocas palabras se precisan para vivir entre los hombres<\/p>\n<p>\u00a0<\/p>\n<p>Desapareciendo hemos llegado a este dolor<\/p>\n<p>\u00a0<\/p>\n<p>\u00a0Se asoma por la ventana no s\u00e9 si p\u00e1jaro o jaula cuando el mundo vuelve a comenzar para volver a romperse en la gran garganta oscura<\/p>\n<p>\u00a0<\/p>\n<p>Voy cayendo al sue\u00f1o me vuelvo un despojo para encontrarte y darte un mordisco en tus brazos de hierba fr\u00eda recorriendo toda la tarde que ha ca\u00eddo como granizos<\/p>\n<p>\u00a0<\/p>\n<p>Entonces sabes a oc\u00e9ano Emilia acarreando nubes hasta el patio de mi casa<\/p>\n<p>\u00a0<\/p>\n<p>[No importa que vida lleves all\u00ed acurruc\u00e1ndome en una bola de dolor<\/p>\n<p>En una estrecha cueva invernal mientras sean tus ojos de bosques los que dan formas a las aves T\u00fa<\/p>\n<p>[Mi fe es un gran peso estilando que cuelga de los alambres Emilia Emilia<\/p>\n<p>Emilia Milen [Vuelvo a tu juventud que no se acaba<\/p>\n<p>Leo tus mensajes<\/p>\n<p>El muelle gris<\/p>\n<p>Las casas<\/p>\n<p>Esos bosques dicen<\/p>\n<p>Las cosas no vuelven a su lugar<\/p>\n<p>\u00a0<\/p>\n<p>[Todo florece en mi cabellera una planta abri\u00e9ndome la frente<\/p>\n<p>Un clavel de sombra derretido<\/p>\n<p>Estoy creciendo de la nada<\/p>\n<p>El cielo est\u00e1 vac\u00edo<\/p>\n<p>La orilla que dibujo se llena es un mar negro en retirada<\/p>\n<p>Es la misma orilla del universo en la que me asomo y te busco Emilia Milen<\/p>\n<p>Emilia Milen<\/p>\n<p>Se estremece el espacio como un loco<\/p>\n<p>Las cosas no vuelven a su lugar<\/p>\n<p>\u00a0<\/p>\n<p>La muerte comienza como un sue\u00f1o<\/p>\n<p>Los ojos se abren al sue\u00f1o<\/p>\n<p>Abrimos los ojos al mundo dudando de su solidez<\/p>\n<p>El abismo alza su cabeza<\/p>\n<p>\u00a0<\/p>\n<p>Tanteamos el umbral de la nada bajo un sol oblicuo que cae desnudo dando botes en un r\u00edo que se hunde<\/p>\n<p>\u00a0<\/p>\n<p>Lo real<\/p>\n<p>A lo lejos<\/p>\n<p>\u00a0<\/p>\n<p>Emilia<\/p>\n<p>Tu cuerpo multiplic\u00e1ndose como las piedras<\/p>\n<p>Arrastr\u00e1ndose entre las ortigas nuestros gritos guard\u00e1ndose en el eco de un caracol vac\u00edo que intenta detener la noche<\/p>\n<p>\u00a0<\/p>\n<p>Sangras sin dolor<\/p>\n<p>Has te\u00f1ido de sangre el atardecer<\/p>\n<p>Y el universo crece en la sangre derramada que se extiende por el pasto<\/p>\n<p>Que baja por las piedras donde brillan las sombras de antiguos muertos reuniendo los trozos de tu nombre Emilia Milen Emilia Milen<\/p>\n<p><em>\u00a0<\/em><\/p>\n<p>Entre tus dedos vuela el tiempo con la rapidez de un sue\u00f1o que comienza a ocultarse como una rama liviana y diminuta que se hunde con lentitud en un mar grueso<\/p>\n<p>\u00a0<\/p>\n<p>[Un rumor de bosque desierto se aloja en tu garganta<\/p>\n<p>\u00a0<\/p>\n<p>Un cobijo de hierbas secas<\/p>\n<p>\u00a0<\/p>\n<p>Un leve abandono de estrellas en la lengua<\/p>\n<p>\u00a0<\/p>\n<p>Un murmullo<\/p>\n<p>\u00a0<\/p>\n<p>[La sombra de un ave acecha el claro del bosque buscando tu rostro en el frescor de los helechos<\/p>\n<p>Dibujan en su vuelo tu mirada de hierbas respirando sin voz tu saliva el nombre que te borran Emilia<\/p>\n<p>[Pero ahora nacer\u00e1s en el oleaje que so\u00f1\u00f3 a las rocas En los microbios que so\u00f1aron a las algas En los animales que sue\u00f1an a las plantas Nacer\u00e1s en el sue\u00f1o del ADN que sue\u00f1a a toda la humanidad Nada desaparece en los escombros de la memoria<\/p>\n<p>\u00a0<\/p>\n<p>[Un pu\u00f1ado de loikas intentan llevarte a su nido<\/p>\n<p>a un lugar parecido al que tienen las hojas secas<em> \u00a0<\/em><\/p>\n<p>El aire aprendi\u00f3 a soportarte<\/p>\n<p>Atravesaste los poros de la noche como un eco se oye tu voz resonando hacia la copa de los \u00e1rboles<\/p>\n<p>Encontrar\u00e1s la luna azul borrada por un gesto de nubes irascibles<em> \u00a0<\/em><\/p>\n<p>Asistir\u00e1s al parto de la luz mientras tanto el roc\u00edo se perder\u00e1 en m\u00ed el verano<\/p>\n<p><em>\u00a0<\/em><\/p>\n<p>yo ya no tengo nada salvo mis pies descalzos sobre esta tierra moribunda yerma seca gris Lamngen<\/p>\n<p>\u00a0<\/p>\n<p>Pensar hace que las cosas cambien Emilia No se puede eludir ni atrapar la realidad Emilia No se puede saltar sobre la sombra Emilia Milen No podemos despegarnos Emilia de La Sombra<\/p>\n<p>En una mano tendr\u00e9 que sostener este silencio como a una hija Emilia Milen Emilia Continuar el tejido doloroso del duelo<\/p>\n<p>Y volver al aire contaminado del d\u00eda desvaneci\u00e9ndose en tu retrato<\/p>\n<p><em>\u00a0<\/em><\/p>\n<p><em>Las palabras se desintegran cuando tocan lo m\u00e1s <\/em>s\u00f3lido <em>Como se desintegra cualquier signo luego de pronunciarte<\/em> [<em>he so\u00f1ado que tu cuerpo es un bote mecido por tu vida y mi muerte\u00a0 He so\u00f1ado que llevo tu sangre como un ramillete prendido para que vuelvas a florecer <\/em><em>en medio de los \u00faltimos bosques \u00a0[Tus pupilas hacen inclinarse<\/em> <em>El suelo bajo los p\u00e1rpados\u00a0\u00a0\u00a0\u00a0 <\/em><\/p>\n<p><\/p>\n","protected":false},"excerpt":{"rendered":"<p>[Pero ahora nacer\u00e1s en el oleaje que so\u00f1\u00f3 a las rocas En los microbios que so\u00f1aron a las algas En los animales que sue\u00f1an a las plantas Nacer\u00e1s en el sue\u00f1o del ADN que sue\u00f1a a toda la humanidad Nada desaparece en los escombros de la memoria<\/p>\n","protected":false},"author":336,"featured_media":13702,"comment_status":"closed","ping_status":"closed","sticky":false,"template":"","format":"standard","meta":{"_acf_changed":false,"footnotes":""},"categories":[16],"tags":[2931,2929,2928,2932,166,355,2930,585],"taxonomy\/multi-autores":[],"taxonomy\/archivo-especiales":[],"class_list":["post-13701","post","type-post","status-publish","format-standard","has-post-thumbnail","hentry","category-la-ciudad-letrada","tag-asesinato","tag-emilia-bau","tag-emilia-milen","tag-emilia-milen-herrera","tag-mapuche","tag-poesia","tag-transgenero","tag-wallmapu"],"acf":[],"_links":{"self":[{"href":"https:\/\/razacomica.cl\/sitio\/wp-json\/wp\/v2\/posts\/13701","targetHints":{"allow":["GET"]}}],"collection":[{"href":"https:\/\/razacomica.cl\/sitio\/wp-json\/wp\/v2\/posts"}],"about":[{"href":"https:\/\/razacomica.cl\/sitio\/wp-json\/wp\/v2\/types\/post"}],"author":[{"embeddable":true,"href":"https:\/\/razacomica.cl\/sitio\/wp-json\/wp\/v2\/users\/336"}],"replies":[{"embeddable":true,"href":"https:\/\/razacomica.cl\/sitio\/wp-json\/wp\/v2\/comments?post=13701"}],"version-history":[{"count":0,"href":"https:\/\/razacomica.cl\/sitio\/wp-json\/wp\/v2\/posts\/13701\/revisions"}],"wp:featuredmedia":[{"embeddable":true,"href":"https:\/\/razacomica.cl\/sitio\/wp-json\/wp\/v2\/media\/13702"}],"wp:attachment":[{"href":"https:\/\/razacomica.cl\/sitio\/wp-json\/wp\/v2\/media?parent=13701"}],"wp:term":[{"taxonomy":"category","embeddable":true,"href":"https:\/\/razacomica.cl\/sitio\/wp-json\/wp\/v2\/categories?post=13701"},{"taxonomy":"post_tag","embeddable":true,"href":"https:\/\/razacomica.cl\/sitio\/wp-json\/wp\/v2\/tags?post=13701"},{"taxonomy":"multi-autores","embeddable":true,"href":"https:\/\/razacomica.cl\/sitio\/wp-json\/wp\/v2\/taxonomy\/multi-autores?post=13701"},{"taxonomy":"archivo-especiales","embeddable":true,"href":"https:\/\/razacomica.cl\/sitio\/wp-json\/wp\/v2\/taxonomy\/archivo-especiales?post=13701"}],"curies":[{"name":"wp","href":"https:\/\/api.w.org\/{rel}","templated":true}]}}