{"id":13750,"date":"2021-10-25T20:48:31","date_gmt":"2021-10-25T20:48:31","guid":{"rendered":"https:\/\/razacomica.cl\/sitio\/?p=13750"},"modified":"2021-10-25T20:48:31","modified_gmt":"2021-10-25T20:48:31","slug":"anastasia-maria-benavente-activista-chilena-trans-travesti-las-leyes-no-cambian-a-las-personas-las-sociedades-hacen-cambiar-las-leyes","status":"publish","type":"post","link":"https:\/\/razacomica.cl\/sitio\/2021\/10\/25\/anastasia-maria-benavente-activista-chilena-trans-travesti-las-leyes-no-cambian-a-las-personas-las-sociedades-hacen-cambiar-las-leyes\/","title":{"rendered":"Anastasia Mar\u00eda Benavente, activista chilena trans travesti: \u00abLas leyes no cambian a las personas, las sociedades hacen cambiar las leyes\u00bb"},"content":{"rendered":"<p><\/p>\n<p class=\"align-right\">\u00a0<\/p>\n<p>En un mundo que hist\u00f3ricamente ha sido estructurado y manejado por hombres heterosexuales, es complicado habitar desde otra identidad. Lo diferente a \u201clo masculino\u201d se ridiculiza y se violenta, porque no se ajusta a los c\u00e1nones construidos y establecidos en esta sociedad. Pero hay quienes buscan romper estos moldes. Anastasia Benavente se define como trans travesti y es activista, performista, profesora universitaria y escritora santiaguina. Actualmente se encuentra cursando un doctorado en Estudios Culturales Latinoamericanos. Adem\u00e1s, trabaja como asesora t\u00e9cnica de la RedLacTrans, una organizaci\u00f3n que lucha por los derechos humanos de las personas trans en Latinoam\u00e9rica y el Caribe, participa en el sindicato y corporaci\u00f3n de personas trans Amanda Jofr\u00e9. Tambi\u00e9n participa en proyectos art\u00edsticos, destac\u00e1ndose el documental<a href=\"https:\/\/gam.cl\/teatro\/cabaret-travesia-travesti\/\"> Traves\u00eda Travesti,<\/a> dirigido por Nicol\u00e1s Videla que acaba de ganar un premio especial del jurado en el Festival de Cine de Valdivia 2021. El cabaret que da origen a este film se presentar\u00e1 presencialmente los d\u00edas 27 y 28 de Octubre en el Centro Cultural Gabriela Mistral, GAM.<\/p>\n<p>\u00a0<\/p>\n<p>Tras a\u00f1os de lucha, el d\u00eda 10 de diciembre 2018 fue publicada en el Diario Oficial en Chile la Ley de identidad de g\u00e9nero. Esta permite el cambio de nombre y sexo registral de una persona. A pesar del avance, esta ley no asegura que exista un cambio estructural, ni resuelve todos los problemas de la comunidad trans travesti. Para Anastasia, su identidad choca no solo en lugares como la academia, sino tambi\u00e9n en un hecho tan cotidiano como ir a comprar un caf\u00e9. \u201cEs una lucha constante, en todos los \u00e1mbitos. En la academia, en la calle y hasta en la misma casa. Seguimos siendo existencias complejas. Y seguimos poniendo en tensi\u00f3n las estructuras creadas para los heterosexuales. Ponemos en jaque al mundo solamente con el hecho de existir\u201d, explic\u00f3.<\/p>\n<p>\u00a0<\/p>\n<p>\u00a0<\/p>\n<p><strong>Has sido profesora de distintas universidades, y ahora est\u00e1s realizando un doctorado en Estudios Culturales Latinoamericanos. \u00bfA qu\u00e9 prejuicios te has enfrentado en estos espacios?<\/strong><\/p>\n<p><strong>\u00a0<\/strong><\/p>\n<p>He tenido que explicar que las mujeres trans y travestis no somos hombres vestidos de mujer, sino que es una identidad que vive en lo cotidiano. No solamente existimos en un espect\u00e1culo, ni en los lugares que el mundo heterosexual quiere que nosotras vivamos, porque en esta sociedad nuestra existencia tiene que estar en lo oscuro. En el parque, en la noche, en el departamento privado, en el trabajo sexual, en el cabaret y en la peluquer\u00eda. No est\u00e1n acostumbrados a vernos en otros espacios.<\/p>\n<p><strong>\u00a0<\/strong><\/p>\n<p><strong>\u00bfC\u00f3mo ha sido el proceso de incorporar lo trans en la academia?<\/strong><\/p>\n<p>\u00a0<\/p>\n<p>Ha sido complejo porque tambi\u00e9n nosotras tenemos un conocimiento nuevo, en el sentido de que no hay muchos libros de literatura travesti. No hay muchas investigaciones por personas de nuestra comunidad. Entonces, cuando nos enfrentamos a la academia con c\u00e1nones tan r\u00edgidos, entramos a chocar tambi\u00e9n. Finalmente, si yo llego a la academia es porque tengo los m\u00e9ritos suficientemente potentes para estar. Quiz\u00e1s una esperar\u00eda m\u00e1s apoyo de parte de la gente que est\u00e1 del otro lado, pero hay que estar convenci\u00e9ndoles de que tenemos voz y queremos hablar. No necesitamos m\u00e1s cr\u00edtica porque esa ya la tenemos todos los d\u00edas en la calle.<\/p>\n<p>\u00a0<\/p>\n<p>Quise llenar el formulario del registro social de hogares, y en ninguna parte sale un espacio para que yo pueda decir que soy travesti. Y que no tengo trabajo no porque yo no quiera, sino porque no hay trabajo para m\u00ed.<\/p>\n<p>\u00a0<\/p>\n<p><strong>\u00bfC\u00f3mo crees que pueda suceder un cambio en este sentido?<\/strong><\/p>\n<p>\u00a0<\/p>\n<p>Pienso que es un cambio que se tiene que hacer en red. La iniciativa de empatizar la deber\u00edan tener todas las personas. Porque aqu\u00ed no se trata de con quien t\u00fa te vayas a la cama. A m\u00ed me da exactamente lo mismo si t\u00fa seas lesbiana, poliamorosa o mon\u00f3gama. Pero lo que s\u00ed me importa es que t\u00fa, como humana, tengas las posibilidades de desarrollarte como cualquier persona, sin que se est\u00e9n riendo en tu cara al momento de irte a comprar un caf\u00e9. Yo creo que el cambio va a suceder cuando existan los marcos legales, evidentemente. Pero las leyes no cambian a las personas, las sociedades hacen cambiar las leyes.<\/p>\n<p>\u00a0<\/p>\n<p>\u00a0<\/p>\n<p>\u00a0<\/p>\n<p><strong>Tambi\u00e9n un tema que se toca poco es la infancia trans. \u00bfC\u00f3mo afectar\u00eda la educaci\u00f3n a los temas trans en general?<\/strong><\/p>\n<p><strong>\u00a0<\/strong><\/p>\n<p>Dentro de nuestras demandas tambi\u00e9n est\u00e1 la educaci\u00f3n sexual integral, y no solo para nosotras, sino que para todas las personas. Porque si hubiese una real educaci\u00f3n sexual nosotras no tendr\u00edamos todos los problemas que tenemos. Lxs ni\u00f1xs desde peque\u00f1os sabr\u00edan que hay existencias m\u00e1s all\u00e1 que hombre y mujeres. Podr\u00edan fluir en su g\u00e9nero y en su sexualidad sin que eso le importe a nadie. Sabr\u00edan principios b\u00e1sicos de convivencia y de no discriminaci\u00f3n. Lo pasar\u00edan mejor, inclusive los heterosexuales. Porque la sexualidad es una parte fundamental de los seres humanos. No es pecado, no es una culpa. El sexo para los seres humanos es un lugar de goce, de placer, de juego. Tendr\u00eda que ser un lugar de diversi\u00f3n, de distenderse, de satisfacci\u00f3n. Esa demanda tambi\u00e9n es parte de nuestro colectivo, en conjunto a otros colectivos de disidencia sexual.<\/p>\n<p>\u00a0<\/p>\n<h6 style=\"text-align: center;\">***<\/h6>\n<p>\u00a0<\/p>\n<p><strong>MARCOS LEGALES<\/strong><\/p>\n<p><strong>\u00a0<\/strong><\/p>\n<p><strong>Desde tu experiencia y la de tus compa\u00f1erxs, \u00bfcrees que la Ley de Identidad de G\u00e9nero ha funcionado de buena manera? <\/strong><\/p>\n<p>\u00a0<\/p>\n<p>\u00a0Primero que nada, la ley de identidad es g\u00e9nero es una ley binaria. En este pa\u00eds, el Estado te obliga a ser hombre o mujer. Entonces en nuestro carnet dice que nosotras somos mujeres, pero no dice que somos trans o travestis y eso genera mucha disputa. Porque efectivamente no somos mujeres cis-g\u00e9nero, no estamos bas\u00e1ndonos en la biolog\u00eda, estamos hablando de una construcci\u00f3n femenina de la existencia. Yo vivo los mismos problemas que una mujer como el acoso, la violencia, etc. Entonces partiendo por eso, la ley es muy imperfecta. Tambi\u00e9n deja a los y las menores de edad, resultando como un beneficio solo siendo adulta.<\/p>\n<p>\u00a0<\/p>\n<p><strong>Pero me imagino que igual les ha ayudado la implementaci\u00f3n de esta ley\u2026<\/strong><\/p>\n<p><strong>\u00a0<\/strong><\/p>\n<p>S\u00ed, igual la ley funciona, en el sentido que puedes ir al registro civil y hacer el cambio. Funciona el procedimiento, pero eso no te asegura nada. Porque seguimos teniendo voces roncas, nos sigue creciendo barba, a\u00fan tenemos la espalda ancha, no nos dan trabajo ni nos atienden como corresponde en los centros de salud. Nos discriminan en todos los lados que t\u00fa te imagines. Por lo tanto, la ley funciona en ciertos aspectos, pero si no hay un cambio de mentalidad de la gente y garant\u00edas desde el Estado que aseguren una no discriminaci\u00f3n, no va a pasar mucho. Por eso las esperanzas est\u00e1n puestas en una nueva constituci\u00f3n que cambie el concepto de familia, y que la heterosexualidad no sea el pilar fundamental con el que se organice la sociedad entera.<\/p>\n<p>\u00a0<\/p>\n<p><strong>Y entonces, \u00bfcu\u00e1les ser\u00edan las principales demandas de la poblaci\u00f3n trans?<\/strong><\/p>\n<p>\u00a0<\/p>\n<p>Nuestra principal demanda es la Ley Integral Trans\/ Travesti. Esta propuesta est\u00e1 compuesta por varios aspectos, como la salud, la educaci\u00f3n, con la justicia, con la vivienda, con la reparaci\u00f3n a las adultas mayores supervivientes del genocidio trans y el cupo laboral trans, que en el fondo es trabajo. Todos estos elementos conforman lo que se ser\u00eda la ley integral trans, y que en estos momentos no existe ni en formato borrador en Chile.<\/p>\n<p>\u00a0<\/p>\n<p><strong>\u00bfC\u00f3mo pretenden alcanzar a esta ley?<\/strong><\/p>\n<p><strong>\u00a0<\/strong><\/p>\n<p>Hay dos formas de llegar a ese objetivo. Una de esas es pensar en algo global y lo otro es tirar leyes espec\u00edficas por cada una de las \u00e1reas. Actualmente se est\u00e1 trabajando la ley de cupo laboral trans en algunas comisiones con diputadas. As\u00ed que el camino a seguir es justamente empezar por el tema del trabajo, porque es como entrar de una manera simple, o sea estamos pidiendo lo m\u00ednimo. Necesitamos trabajar como cualquier persona que tiene ese derecho.<\/p>\n<p>\u00a0<\/p>\n<p><\/p>\n","protected":false},"excerpt":{"rendered":"<p>En esta entrevista, la acad\u00e9mica y escritora se refiere a las dificultades de la integraci\u00f3n de su comunidad en diversos espacios sociales.<\/p>\n","protected":false},"author":339,"featured_media":13751,"comment_status":"closed","ping_status":"closed","sticky":false,"template":"","format":"standard","meta":{"_acf_changed":false,"footnotes":""},"categories":[20],"tags":[2949,98,2951,1420,2950],"taxonomy\/multi-autores":[],"taxonomy\/archivo-especiales":[],"class_list":["post-13750","post","type-post","status-publish","format-standard","has-post-thumbnail","hentry","category-yo-la-peor-de-todas","tag-anastasia-benavente","tag-entrevista","tag-sofia-diaz","tag-trans","tag-travesti"],"acf":[],"_links":{"self":[{"href":"https:\/\/razacomica.cl\/sitio\/wp-json\/wp\/v2\/posts\/13750","targetHints":{"allow":["GET"]}}],"collection":[{"href":"https:\/\/razacomica.cl\/sitio\/wp-json\/wp\/v2\/posts"}],"about":[{"href":"https:\/\/razacomica.cl\/sitio\/wp-json\/wp\/v2\/types\/post"}],"author":[{"embeddable":true,"href":"https:\/\/razacomica.cl\/sitio\/wp-json\/wp\/v2\/users\/339"}],"replies":[{"embeddable":true,"href":"https:\/\/razacomica.cl\/sitio\/wp-json\/wp\/v2\/comments?post=13750"}],"version-history":[{"count":0,"href":"https:\/\/razacomica.cl\/sitio\/wp-json\/wp\/v2\/posts\/13750\/revisions"}],"wp:featuredmedia":[{"embeddable":true,"href":"https:\/\/razacomica.cl\/sitio\/wp-json\/wp\/v2\/media\/13751"}],"wp:attachment":[{"href":"https:\/\/razacomica.cl\/sitio\/wp-json\/wp\/v2\/media?parent=13750"}],"wp:term":[{"taxonomy":"category","embeddable":true,"href":"https:\/\/razacomica.cl\/sitio\/wp-json\/wp\/v2\/categories?post=13750"},{"taxonomy":"post_tag","embeddable":true,"href":"https:\/\/razacomica.cl\/sitio\/wp-json\/wp\/v2\/tags?post=13750"},{"taxonomy":"multi-autores","embeddable":true,"href":"https:\/\/razacomica.cl\/sitio\/wp-json\/wp\/v2\/taxonomy\/multi-autores?post=13750"},{"taxonomy":"archivo-especiales","embeddable":true,"href":"https:\/\/razacomica.cl\/sitio\/wp-json\/wp\/v2\/taxonomy\/archivo-especiales?post=13750"}],"curies":[{"name":"wp","href":"https:\/\/api.w.org\/{rel}","templated":true}]}}