{"id":16774,"date":"2025-01-18T12:51:56","date_gmt":"2025-01-18T12:51:56","guid":{"rendered":"https:\/\/razacomica.cl\/sitio\/?p=16774"},"modified":"2025-01-31T02:01:51","modified_gmt":"2025-01-31T02:01:51","slug":"10-anos-de-raza-comica-un-pacheco-en-el-corazon","status":"publish","type":"post","link":"https:\/\/razacomica.cl\/sitio\/2025\/01\/18\/10-anos-de-raza-comica-un-pacheco-en-el-corazon\/","title":{"rendered":"10 a\u00f1os de Raza C\u00f3mica, un Pacheco en el coraz\u00f3n"},"content":{"rendered":"<p><\/p>\n<h6 style=\"text-align: right;\"><em>El s\u00e1bado 04 de enero del 2025, en la Casa Taller, se celebraron los 10 a\u00f1os de Raza C\u00f3mica. La revista cumpli\u00f3 una d\u00e9cada desde su primer latido y los cimientos y formatos del c\u00f3mo fue concebida, definitivamente cambiaron o, al menos, se reorganizaron, partiendo con la partida f\u00edsica de su socio-colaborador y fundador Cristi\u00e1n Pacheco Guzm\u00e1n.<\/em><\/h6>\n<p class=\"align-right\">\u00a0<\/p>\n<h6 style=\"text-align: center;\">***<\/h6>\n<p>Conoc\u00ed a Pacheco el 2011, cuando comenzamos a estudiar el magister en estudios latinoamericanos en la U-chile y las calles se llenaron de manifestaciones neoarielistas y genkidamas por la educaci\u00f3n. Est\u00e1bamos en lo mejor de la carrera estudiantil, con mucho tiempo libre, ganas de leer y inmens\u00edsima ingenuidad. Fue un match bonito en la capital. Ambos est\u00e1bamos un tanto solitarios porque hab\u00edamos hecho el pre-grado fuera de Santiago. El ven\u00eda de Concepci\u00f3n despu\u00e9s de estudiar periodismo con una tesis en grafitis y arte callejero, mientras que yo \u201cvolv\u00eda\u201d a \u201cSantiago\u201d (en realidad, por primera vez me desplazaba por el centro de Santiago, puesto que toda mi infancia y adolescencia viv\u00ed en San Bernardo) despu\u00e9s de cinco a\u00f1os en Valpara\u00edso, con ganas de ense\u00f1arle al mundo que la geograf\u00eda radical era el programa de la revoluci\u00f3n, tal como Fidel Castro le ense\u00f1\u00f3 a todos sus amigues, tom\u00f3 un barquito y cambi\u00f3 la historia de Am\u00e9rica Latina.<\/p>\n<p>\u00a0<\/p>\n<p>El d\u00eda que muera Fidel, pens\u00e1bamos, ser\u00e1 \u00e9pico. Habr\u00eda que levantar un documental de la geopol\u00edtica cubana y los pueblos interiores de Cuba, sus distintas misiones y reacciones, los cambios culturales previo\/posterior, la desigualdad estructural v\u00eda turistificaci\u00f3n, la formaci\u00f3n pol\u00edtica en las esferas cotidianas, etc. etc., etc., y, ante todo, demostrarle al mundo que, a pesar de todas esas contradicciones, c\u00f3mo la genialidad intelectual fue la propia vida de Fidel. Y s\u00ed, era importante problematizar, matizar las carencias y limitaciones de la Isla, pero nunca criticar el aporte de la Revoluci\u00f3n y Fidel en su m\u00e1s larga duraci\u00f3n. Era un gran proyecto, pero Fidel muri\u00f3 y no lo concretamos.<\/p>\n<p>\u00a0<\/p>\n<p>Poco antes de eso, recuerdo que me coment\u00f3 la idea de crear la Raza C\u00f3mica. De forma inmediata le retruqu\u00e9 -yo, el supercr\u00edtico y m\u00edster de la pol\u00edtica- el contrasentido de crear instancias y revistas sin intentar unificar las tareas. Me mand\u00f3 a la re-cresta en dos tiempos y la revista sali\u00f3 como un programa de conversaci\u00f3n cultural junto a Gustavo y Daniela, en las dependencias de la U-chile. La hicieron a su modo, entre la picard\u00eda y la sensibilidad literaria, entre las ganas de hacer pol\u00edtica y la periferia cultural organizada. Ya ven\u00eda con esa idea desde su paso por la radio que piensa. Un d\u00eda lunes temprano me dijo: \u201cguacho, no nos tinc\u00f3 el loco [\u2026] Oye, acomp\u00e1\u00f1anos como panelista el programa de hoy?\u201d, \u201cno puedo, sorry\u201d le contest\u00e9. Otro d\u00eda, otro chat gmail; \u201cveo que para El Mostrador tiene tiempo compa\u00f1ero, no para La Raza\u201d. La frase era acompa\u00f1ada con un emotic\u00f3n triste. Para mi defensa le respond\u00ed que \u201cla descentralizaci\u00f3n es un tema como el hoyo\u201d, cosa que no ha cambiado mucho. Pero Pacheco no se qued\u00f3 conforme: \u201csupongo que cuando seamos una plataforma lo suficientemente interesante para difundir ideas nos vas\/van a considerar [\u2026] a la raza obvio que le interesa, argumento sin fundamento&#8230; y deja de ahogarte en un vaso gil, simplemente te estoy insistiendo, dale cuando puedas. Entiendo tu preferencia por El Mostrador, pero una ayuda por estos lados no viene mal\u201d.<\/p>\n<p>\u00a0<\/p>\n<p>La Raza C\u00f3mica fue muy importante para la vida de Cristi\u00e1n. Una especie de lugar m\u00edtico. Quer\u00eda que sus amigos y cercanos tambi\u00e9n se sintieran convocados a un proyecto editorial genuinamente creativo y popular. Yo nunca fui un colaborador muy comprometido. Sin embrago, cada cierto tiempo, Pacheco volv\u00eda a la carga: \u201ccuando prepares algo para nosotros va a pasar por edici\u00f3n, vas a recibir comentarios y la vamos a publicar con sus mejoras. nosotros siempre nos va a interesar, es decisi\u00f3n tuya\u201d. O como en este otro mensaje: \u201cweeena chorizinho. tudo bom, voc\u00e9? ta bien, oye y todo bien en san pablo? cuando caches a alguien motivao con escribir de brasil vos ofrece el espacio nomas\u201d. Esa vez le dije que que le mandar\u00eda algo, pero que en ese instante era imposible, porque hab\u00eda llegado en pleno carnaval: \u201cbac\u00e1n, p\u00f3ngale nomas,\u00a0sea cort\u00e9s, ande con cuidado, ed\u00faquese lo m\u00e1s que pueda, respete para que lo respeten\u201d.<\/p>\n<p>\u00a0<\/p>\n<p>Ese fue el \u00faltimo mensaje que tuve del Cristi\u00e1n o del Pacheco. Pacheco para los amigos, Cristi\u00e1n para los super amigos. Ten\u00eda esa extra\u00f1a dulzura y dureza de los cuerpos grandes. Creo que era parte de esa misteriosa bandada de sujetos medios salvajes y cari\u00f1osos. Fue extra\u00f1a su partida en noviembre del 2018, porque cuando ocurri\u00f3 no pude compartir ni digerir lo sucedido. Me qued\u00e9 con una tristeza ambigua, entre la nostalgia, la pachotada futbolera y las comunicaciones que decayeron. Con el pasar del tiempo se han ido reorganizando los recuerdos m\u00e1s contemplativamente.<\/p>\n<p>\u00a0<\/p>\n<p>Por esto que, ese s\u00e1bado 04 de enero, del 2025, ese d\u00eda de celebraci\u00f3n, sent\u00ed la necesidad de decirle algo a ese esp\u00edritu travieso y contracultural, finamente contracultural, que fue Cristi\u00e1n. Siento que la Raza C\u00f3mica es su familia territorial, esa familia producida al calor de afectos cotidianos, entrelazados por pura intuici\u00f3n y placer colectivo. La intuici\u00f3n de querer formar una manada ideol\u00f3gicamente no homog\u00e9nea, dispersamente unificada, anclada en una voz, en un hogar, que tambi\u00e9n est\u00e1 organizada en la confianza y la diversi\u00f3n, entre hermanos sangu\u00edneos y pol\u00edticos, primas de terceros niveles, t\u00edo de madre, t\u00edas, vecinos, amigos y super amigos lejanos y de muchos pa\u00edses. Un placer de escribir, leer y conversar entre varios, \u00a0mucho m\u00e1s all\u00e1 de los like y los corazoncitos que tanta adicci\u00f3n y locura han causado durante esta \u00faltima d\u00e9cada.<\/p>\n<p>\u00a0<\/p>\n<p>Pacheco ten\u00eda algo de esos reporteros que quieren llegar a la acci\u00f3n y cubrir la deseada noticia en desarrollo, sopeado y con alg\u00fan tipo de frecuencia alucin\u00f3gena. Sensibilidad y experiencia de clase popular, capacidad de gesti\u00f3n, est\u00e9tica, empat\u00eda, car\u00e1cter, creatividad. Todo eso era Cristi\u00e1n. Adicto a los paisajes perif\u00e9ricos, fiel al Colo-Colo y las pichangas duras. Una subjetividad popular que no se achicaba a las distinciones normativas o la intelectualidad camuflajeada que es resueltamente aspiracional. Por eso escrib\u00eda con las venas abiertas. Por eso invitaba y compart\u00eda sus escrituras caminantes en el proyecto pol\u00edtico-cultural de Raza C\u00f3mica porque cre\u00eda y viv\u00eda plenamente en sus creaciones, auto-creaciones, en su ley, con sus amigxs, con su familia territorial.<\/p>\n<p>\u00a0<\/p>\n<p>Le agradezco muy profundamente a quienes contin\u00faan d\u00e1ndole tinta y episodios a la Raza C\u00f3mica. Siento que, con ustedes, compartimos un gran amor, una historia, un legado que, por distintas casualidades, sigue vivo en su trabajo editorial. Lamento profundamente no haber aceptado la invitaci\u00f3n de Pacheco como panelista de la Raza C\u00f3mica aquella ma\u00f1ana del lunes 30 de mayo del 2016, a las 10:36, como registr\u00f3 mi gmail-chat. Leo ahora nuevamente otro mensaje optimista: \u201cah la raja, yapues, ust\u00e9 mande nomas y le hacemos el espacio en la primera camada de textos, vamos a reabrir el local\u201d. Emociona su ternura, sus ganas, su convicci\u00f3n por lo construido. Si tuvi\u00e9ramos todos al menos un cuarto de esas cualidades, quiz\u00e1s, quien sabe donde estar\u00edan caminando los experimentos contra-culturales. Me emocion\u00f3 la celebraci\u00f3n y espero seguir emocion\u00e1ndome cada vez que la Raza C\u00f3mica me convoque y vuelva a sus lides. Siempre tratar\u00e9 de ayudarles, tan lejos tan cerca, como aquella silueta enmascarada y grandota, entre el rap, la poes\u00eda o la m\u00fasica de Os Mutantes.<\/p>\n<p>\u00a0<\/p>\n<p>En tiempos que leer y escribir en colectivo no es m\u00e1s que un me gusta sin orgasmo y muchos corazones vac\u00edos, la Raza C\u00f3mica es el m\u00e1s bello homenaje al querido Cristi\u00e1n Pacheco Guzm\u00e1n. Viva los 10 a\u00f1os de la Raza C\u00f3mica, un Pacheco en el coraz\u00f3n.<\/p>\n<p>\u00a0<\/p>\n<p>\u00a0<\/p>\n<p>\u00a0<\/p>\n<p><\/p>\n","protected":false},"excerpt":{"rendered":"<p>El s\u00e1bado 04 de enero del 2025, en la Casa Taller, se celebraron los 10 a\u00f1os de Raza C\u00f3mica. La revista cumpli\u00f3 una d\u00e9cada desde su primer latido y los cimientos y formatos del c\u00f3mo fue concebida, definitivamente cambiaron o, al menos, se reorganizaron, partiendo con la partida f\u00edsica de su socio-colaborador y fundador Cristi\u00e1n Pacheco Guzm\u00e1n.<\/p>\n","protected":false},"author":112,"featured_media":16779,"comment_status":"closed","ping_status":"closed","sticky":false,"template":"","format":"standard","meta":{"_acf_changed":false,"footnotes":""},"categories":[16],"tags":[3664,37,895],"taxonomy\/multi-autores":[],"taxonomy\/archivo-especiales":[],"class_list":["post-16774","post","type-post","status-publish","format-standard","has-post-thumbnail","hentry","category-la-ciudad-letrada","tag-10-anos","tag-raza-comica","tag-rodolfo-quiroz"],"acf":[],"_links":{"self":[{"href":"https:\/\/razacomica.cl\/sitio\/wp-json\/wp\/v2\/posts\/16774","targetHints":{"allow":["GET"]}}],"collection":[{"href":"https:\/\/razacomica.cl\/sitio\/wp-json\/wp\/v2\/posts"}],"about":[{"href":"https:\/\/razacomica.cl\/sitio\/wp-json\/wp\/v2\/types\/post"}],"author":[{"embeddable":true,"href":"https:\/\/razacomica.cl\/sitio\/wp-json\/wp\/v2\/users\/112"}],"replies":[{"embeddable":true,"href":"https:\/\/razacomica.cl\/sitio\/wp-json\/wp\/v2\/comments?post=16774"}],"version-history":[{"count":0,"href":"https:\/\/razacomica.cl\/sitio\/wp-json\/wp\/v2\/posts\/16774\/revisions"}],"wp:featuredmedia":[{"embeddable":true,"href":"https:\/\/razacomica.cl\/sitio\/wp-json\/wp\/v2\/media\/16779"}],"wp:attachment":[{"href":"https:\/\/razacomica.cl\/sitio\/wp-json\/wp\/v2\/media?parent=16774"}],"wp:term":[{"taxonomy":"category","embeddable":true,"href":"https:\/\/razacomica.cl\/sitio\/wp-json\/wp\/v2\/categories?post=16774"},{"taxonomy":"post_tag","embeddable":true,"href":"https:\/\/razacomica.cl\/sitio\/wp-json\/wp\/v2\/tags?post=16774"},{"taxonomy":"multi-autores","embeddable":true,"href":"https:\/\/razacomica.cl\/sitio\/wp-json\/wp\/v2\/taxonomy\/multi-autores?post=16774"},{"taxonomy":"archivo-especiales","embeddable":true,"href":"https:\/\/razacomica.cl\/sitio\/wp-json\/wp\/v2\/taxonomy\/archivo-especiales?post=16774"}],"curies":[{"name":"wp","href":"https:\/\/api.w.org\/{rel}","templated":true}]}}