{"id":18015,"date":"2025-06-06T15:02:04","date_gmt":"2025-06-06T15:02:04","guid":{"rendered":"https:\/\/razacomica.cl\/sitio\/?p=18015"},"modified":"2025-06-09T15:08:58","modified_gmt":"2025-06-09T15:08:58","slug":"irse-por-dentro-sobre-caminos-interiores-de-patricio-contreras","status":"publish","type":"post","link":"https:\/\/razacomica.cl\/sitio\/2025\/06\/06\/irse-por-dentro-sobre-caminos-interiores-de-patricio-contreras\/","title":{"rendered":"Irse por dentro. Sobre Caminos interiores de Patricio Contreras"},"content":{"rendered":"\n<p class=\"has-text-align-right\"><em>Caminos interiores, publicado por Provincianos Editores, re\u00fane las principales publicaciones del autor: Calle abierta (2016) y Territorio en disputa (2018), proponiendo un mapa incompleto y situado, donde se cruzan el f\u00fatbol y la pol\u00edtica, la clase media y la infancia precaria, los espacios p\u00fablicos tomados por el neoliberalismo y la violencia.<\/em><\/p>\n\n\n\n<div style=\"height:64px\" aria-hidden=\"true\" class=\"wp-block-spacer\"><\/div>\n\n\n<div class=\"wp-block-image\">\n<figure class=\"w-richtext-figure-type-image w-richtext-align-fullwidth aligncenter size-large\"><img loading=\"lazy\" decoding=\"async\" width=\"701\" height=\"1024\" src=\"https:\/\/razacomica.cl\/sitio\/wp-content\/uploads\/2025\/06\/Portada-frontal-01-701x1024.png\" alt=\"\" class=\"wp-image-18017\"\/><\/figure><\/div>\n\n\n<div style=\"height:32px\" aria-hidden=\"true\" class=\"wp-block-spacer\"><\/div>\n\n\n\n<p>***<\/p>\n\n\n\n<p><strong>Sigo la trayectoria de Patricio Contreras desde hace a\u00f1os. Recuerdo haber escrito sobre sus libros al momento de su publicaci\u00f3n. Digo trayectoria y no carrera, cosa esta \u00faltima que, como dec\u00eda Jorge Teillier, corresponde m\u00e1s bien al \u00e1mbito de la h\u00edpica. Contreras ha dibujado con su poes\u00eda un trayecto, un camino. Ha explorado en estos a\u00f1os espacios imaginarios y concretos, personales y pol\u00edticos, a trav\u00e9s de su escritura. Tal vez a ello responda el car\u00e1cter espacial de sus t\u00edtulos: <em>Calle abierta<\/em>, <em>Territorio en disputa<\/em>, <em>Caminos interiores<\/em>. Una poes\u00eda en movimiento, que transita por esos lugares y filma una pel\u00edcula a la manera de una <em>road movie<\/em> de la mente y el coraz\u00f3n.<\/strong><\/p>\n\n\n\n<p><strong><em>Caminos interiores, <\/em>m\u00e1s que una reedici\u00f3n de los textos incluidos en sus trabajos anteriores, puede leerse como una reversi\u00f3n, una especie de <em>remake<\/em>. Hay aqu\u00ed la inclusi\u00f3n de textos nuevos y un ejercicio de remontaje que repone lo ya publicado, pero bajo una nueva luz. En cualquier caso, la lectura de textos reeditados pone a la poes\u00eda frente a una de sus exigencias principales. Reverberar en el tiempo. Ser capaz de actualizar, en cada lectura, la energ\u00eda y el lenguaje con que ha sido hecha.<\/strong><\/p>\n\n\n\n<p><strong>Releo lo escrito hace casi diez a\u00f1os sobre <em>Calle abierta<\/em>: \u201c<em>Hay un oasis en el centro de este poema\/ y una aduana que separa a la realidad de la literatura\/ una calle abierta hecha de textos que se vuelven fotos\/ pinturas\/ pel\u00edculas\/ canciones\/ pastiche.<\/em>&nbsp;Estos poemas de Patricio Contreras trazan un recorrido por esa calle. La calle abierta que conduce al barrio y al imaginario popular. Ese territorio sentimental y pol\u00edtico donde la vida cotidiana transcurre bajo los signos contrarios del poder y la resistencia. Donde se juega a la pelota sobre la superficie \u00e1spera de las canchas de tierra:&nbsp;<em>A nosotros nos toc\u00f3 el dolor compartido\/ jugar a la pelota en las tierras bald\u00edas\/ escuchando el charchazo que le da la miseria\/ a la cara B de la realidad\u201d.<\/em><\/strong><\/p>\n\n\n\n<p><strong>Leo <em>Caminos interiores <\/em>y reconozco esa huella. La que conduce al barrio y al imaginario popular. El mismo rastro que siguen estos poemas tras un mundo que aparece hoy tanto o m\u00e1s difuso que entonces, avanzado el proceso de homologaci\u00f3n cultural operado por el neoliberalismo. El arrase de la memoria y las formas de vida comunitarias por ese vendaval que lo ha ido convirtiendo todo en mercanc\u00eda y a todos en consumidores.<\/strong><\/p>\n\n\n\n<p><strong>Del poema \u201cRa\u00edces\u201d: <em>Escribir\/ a pesar del ruido y la saturaci\u00f3n\/ este talism\u00e1n en forma de texto\/ sol negro que no ciega\/ y brilla incluso tras la muerte\/\/ Escribir\/ sobre el parr\u00f3n de mi abuelo\/ en el patio de tierra\/ esta enredadera que crece\/ entre los escombros<\/em>. Estos versos sirven para describir el trazado de esas calles, de esos caminos que nos invita a recorrer este libro. Lejos de una representaci\u00f3n ideol\u00f3gica, buscar ese mundo en extinci\u00f3n desde la experiencia y los sentimientos. A pesar del ruido y la saturaci\u00f3n, hurgar en los afectos y la vida cotidiana compartida para comprender la figura del talism\u00e1n, del sol negro que no ciega. Ese que alumbra las invisibles vidas m\u00ednimas. Las de casi todos y todas. Las de quienes no circulan por las autopistas del espect\u00e1culo y el poder. Las que transcurren en las calles barriales, en los caminos secundarios. La vida de los que cultivan sus deseos, sus amores, sus utop\u00edas y sus luchas, como enredaderas capaces de emerger entre los escombros.<\/strong><\/p>\n\n\n\n<p><strong>Los pueblos, las comunidades, a\u00fan en los tiempos m\u00e1s oscuros, a\u00fan en los peores momentos de derrota o degradaci\u00f3n, siempre han opuesto al poder una cosa: otra forma de vida. Hoy, la posibilidad de oponer a la vida neoliberal otra forma de vivir, pasa por la construcci\u00f3n de un lenguaje com\u00fan que lo haga posible. Esa es una tarea urgente para la poes\u00eda. Y este libro se hace cargo de ella.<\/strong><\/p>\n\n\n\n<p><strong>Otro aspecto que me gustar\u00eda comentar, someramente: la indagaci\u00f3n permanente de la escritura de Contreras sobre el sentido y los modos posibles de una poes\u00eda pol\u00edtica. Una indagaci\u00f3n que asume la forma de un di\u00e1logo con nuestra tradici\u00f3n po\u00e9tica. \u201cDiscusiones sobre la mejor manera de escribir poes\u00eda pol\u00edtica\u201d se titula una serie de textos que van cambiando de interlocutor. Se discute aqu\u00ed con Pablo de Rokha, Vicente Huidobro, Nicanor Parra.<\/strong><\/p>\n\n\n\n<p><strong>La mejor manera. Ese es el problema. La poes\u00eda pol\u00edtica no como un tema o un contenido, sino como una forma de escribir. M\u00e1s que hacer poes\u00eda pol\u00edtica lo que interesa es escribir pol\u00edticamente. Esa politicidad del texto es una cualidad que se alcanza trabajando, escribiendo en la tensi\u00f3n, en la intersecci\u00f3n inestable entre contexto, forma y contenido. Y, sobre todo, tal como dir\u00eda Lihn, situ\u00e1ndose. Estableciendo la situaci\u00f3n. Escribiendo no sobre, sino <em>en<\/em> la situaci\u00f3n. Tal como escribe Contreras en la discusi\u00f3n con Parra: <em>Hablamos desde siempre el lenguaje de la tribu\/ tenemos los pies bien puestos en las calles\/ y no tenemos miedo a asumir una postura pol\u00edtica\/ que llame \u2013sin titubear\u2013 a las cosas por su nombre<\/em>.<\/strong><\/p>\n\n\n\n<p><strong>Termino con estos versos, el poema se llama \u201cViajero geopol\u00edtico observando el nacimiento del Hombre Nuevo\u201d:<em> No vale la pena viajar por fuera\/ si queda tanto que hacer por dentro\/ y uno se mueve pisando las c\u00e1scaras\/ del huevo que se rompi\u00f3\/ prisi\u00f3n voluntaria y fr\u00e1gil\/ que es el ego del viajero\/\/ Viajar por el mundo resulta desolador\/ si no hemos recorrido nuestras venas<\/em>. Una forma de viajar, una geopol\u00edtica. Una cartograf\u00eda imposible de detectar por los dispositivos de georreferenciaci\u00f3n. Un viaje sin GPS hacia nuestras propias venas. Uno hacia los afectos y los sue\u00f1os que solo pueden encontrarse lejos de las autopistas de alta velocidad. Un camino donde pueda viajarse sin prisa. Con el tiempo suficiente para encontrar y reiterar la poes\u00eda. Para eso, como hace este libro, hay que irse por dentro.<\/strong><\/p>\n\n\n\n<div style=\"height:32px\" aria-hidden=\"true\" class=\"wp-block-spacer\"><\/div>\n\n\n\n<figure class=\"w-richtext-figure-type-image w-richtext-align-fullwidth wp-block-image size-large\"><img loading=\"lazy\" decoding=\"async\" width=\"1024\" height=\"1024\" src=\"https:\/\/razacomica.cl\/sitio\/wp-content\/uploads\/2025\/06\/Caminos-post-1024x1024.png\" alt=\"\" class=\"wp-image-18018\"\/><\/figure>\n\n\n\n<div style=\"height:32px\" aria-hidden=\"true\" class=\"wp-block-spacer\"><\/div>\n\n\n\n<p><strong>Patricio Contreras Navarrete (Puente Alto, 1989)<\/strong><\/p>\n\n\n\n<p><strong>Escritor, educador y cr\u00edtico literario. Participa como editor y gestor cultural en la Editorial Anag\u00e9nesis. Parte de sus textos aparecen compilados en los libros Zapatitos con sangre: 66 poetas del f\u00fatbol (Editorial Cuarto Propio, 2016) y Antolog\u00eda de la Chilean Premier League (Editorial Los Perros Rom\u00e1nticos, 2022), adem\u00e1s de la plaquette Poes\u00eda chilena deportiva (Provincianos Editores, 2024). En poes\u00eda, ha publicado Calle abierta (Balmaceda Arte Joven Ediciones, 2016), Territorio en disputa (Ediciones Punto G, 2018) y Bolero (La Vieja Sapa Cartonera, 2022).<\/strong><\/p>\n\n\n\n<p><\/p>\n","protected":false},"excerpt":{"rendered":"<p>Caminos interiores, publicado por Provincianos Editores, re\u00fane las principales publicaciones del autor: Calle abierta (2016) y Territorio en disputa (2018), proponiendo un mapa incompleto y situado, donde se cruzan el f\u00fatbol y la pol\u00edtica, la clase media y la infancia precaria, los espacios p\u00fablicos tomados por el neoliberalismo y la violencia. *** Sigo la trayectoria [&hellip;]<\/p>\n","protected":false},"author":43,"featured_media":18016,"comment_status":"closed","ping_status":"closed","sticky":false,"template":"","format":"standard","meta":{"_acf_changed":false,"footnotes":""},"categories":[16],"tags":[162,192,355,3026,757],"taxonomy\/multi-autores":[],"taxonomy\/archivo-especiales":[],"class_list":["post-18015","post","type-post","status-publish","format-standard","has-post-thumbnail","hentry","category-la-ciudad-letrada","tag-jaime-pinos","tag-patricio-contreras","tag-poesia","tag-provincianos-editores","tag-resena"],"acf":[],"_links":{"self":[{"href":"https:\/\/razacomica.cl\/sitio\/wp-json\/wp\/v2\/posts\/18015","targetHints":{"allow":["GET"]}}],"collection":[{"href":"https:\/\/razacomica.cl\/sitio\/wp-json\/wp\/v2\/posts"}],"about":[{"href":"https:\/\/razacomica.cl\/sitio\/wp-json\/wp\/v2\/types\/post"}],"author":[{"embeddable":true,"href":"https:\/\/razacomica.cl\/sitio\/wp-json\/wp\/v2\/users\/43"}],"replies":[{"embeddable":true,"href":"https:\/\/razacomica.cl\/sitio\/wp-json\/wp\/v2\/comments?post=18015"}],"version-history":[{"count":1,"href":"https:\/\/razacomica.cl\/sitio\/wp-json\/wp\/v2\/posts\/18015\/revisions"}],"predecessor-version":[{"id":18019,"href":"https:\/\/razacomica.cl\/sitio\/wp-json\/wp\/v2\/posts\/18015\/revisions\/18019"}],"wp:featuredmedia":[{"embeddable":true,"href":"https:\/\/razacomica.cl\/sitio\/wp-json\/wp\/v2\/media\/18016"}],"wp:attachment":[{"href":"https:\/\/razacomica.cl\/sitio\/wp-json\/wp\/v2\/media?parent=18015"}],"wp:term":[{"taxonomy":"category","embeddable":true,"href":"https:\/\/razacomica.cl\/sitio\/wp-json\/wp\/v2\/categories?post=18015"},{"taxonomy":"post_tag","embeddable":true,"href":"https:\/\/razacomica.cl\/sitio\/wp-json\/wp\/v2\/tags?post=18015"},{"taxonomy":"multi-autores","embeddable":true,"href":"https:\/\/razacomica.cl\/sitio\/wp-json\/wp\/v2\/taxonomy\/multi-autores?post=18015"},{"taxonomy":"archivo-especiales","embeddable":true,"href":"https:\/\/razacomica.cl\/sitio\/wp-json\/wp\/v2\/taxonomy\/archivo-especiales?post=18015"}],"curies":[{"name":"wp","href":"https:\/\/api.w.org\/{rel}","templated":true}]}}