{"id":18697,"date":"2025-08-21T20:48:13","date_gmt":"2025-08-21T20:48:13","guid":{"rendered":"https:\/\/razacomica.cl\/sitio\/?p=18697"},"modified":"2025-08-21T21:47:19","modified_gmt":"2025-08-21T21:47:19","slug":"de-donde-surge-el-poema-resena-de-arritmia","status":"publish","type":"post","link":"https:\/\/razacomica.cl\/sitio\/2025\/08\/21\/de-donde-surge-el-poema-resena-de-arritmia\/","title":{"rendered":"\u00bfDe d\u00f3nde surge el poema?: Rese\u00f1a de Arritmia"},"content":{"rendered":"\n<div style=\"height:60px\" aria-hidden=\"true\" class=\"wp-block-spacer\"><\/div>\n\n\n\n<p class=\"has-text-align-right\"><em>Arritmia es el tercer libro de poemas escrito por Hern\u00e1n Contreras R. Editado por Lagar Editores, contiene 33 poemas que fijan la atenci\u00f3n \u00aben los rastros, en las pistas, en lo que nos ense\u00f1an los elementos atrapados en su devenir\u00bb, dice Sebasti\u00e1n Alvarado Fuentes en esta rese\u00f1a del poemario.<\/em><\/p>\n\n\n\n<div style=\"height:60px\" aria-hidden=\"true\" class=\"wp-block-spacer\"><\/div>\n\n\n\n<p><strong>\u00bfDe d\u00f3nde surge el poema?<\/strong> Alguien camina por la calle. Alguien mira, minuciosamente, a su alrededor. Alguien se da cuenta del secreto oculto en los detalles. Alguien transforma su mirada en lenguaje, en revelaci\u00f3n. Las palabras, entonces, muestran, exhiben un proceso: c\u00f3mo el ojo se entrelaza con las cosas, c\u00f3mo un sujeto se conecta con su objeto. \u00bfDe d\u00f3nde surge el poema? El poema emerge de la percepci\u00f3n del entorno, el poeta se erige a partir de c\u00f3mo sus sentidos captan al mundo, de los ruidos de la gente, de los destellos de las botellas tiradas en el suelo, del enfrentamiento con las piedras y las ventanas que nos rodean, de lo que se puede encontrar en la calle, en cualquier calle de cualquier lugar. \u00bfY qu\u00e9 pasa despu\u00e9s? El sujeto no se abandona, no se pierde a s\u00ed mismo a trav\u00e9s de la impresi\u00f3n est\u00e9tica, sino que reflexiona, pero no necesariamente a trav\u00e9s de conclusiones o sentencias, sino m\u00e1s bien a trav\u00e9s de la constataci\u00f3n de sus sensaciones, a trav\u00e9s de la manifestaci\u00f3n de su nostalgia, de la utilizaci\u00f3n del verso como registro de la conciencia del paso irrefrenable del tiempo.<\/p>\n\n\n\n<div style=\"height:30px\" aria-hidden=\"true\" class=\"wp-block-spacer\"><\/div>\n\n\n\n<p>Hern\u00e1n Contreras R. con sus ojos abre una puerta a las palabras. Y <em>aquellas<\/em> palabras, al describir su testimonio visual, abren la puerta a un significado que trasciende lo visible, que est\u00e1 m\u00e1s all\u00e1 de lo inmediato. <strong>Hern\u00e1n dice: \u201cel suelo contiene al cielo\/ en el agua de la lluvia de ayer\u201d.<\/strong> Contreras R., entonces, se convierte en alguien que, a trav\u00e9s de los elementos que recoge furtivamente en su cotidiano, se percata de algo: las met\u00e1foras est\u00e1n en todas partes, solo hay que tener la disposici\u00f3n, el temple, para darse cuenta que, quiz\u00e1, no es necesario remitirse a las doctrinas herm\u00e9ticas del pasado para entender que <em>como es arriba es abajo<\/em>, sino que tan solo hay que fijarse en los rastros, en las pistas, en lo que nos ense\u00f1an los elementos atrapados en su devenir, en el eco de los gritos del pasado, en las pozas que todav\u00eda no se evaporan, que esperan que observemos con delicadeza los reflejos que contienen, que esperan que sus murmullos obtengan alg\u00fan d\u00eda un refugio, aunque este sea la memoria melanc\u00f3lica de un poeta.<\/p>\n\n\n\n<div style=\"height:30px\" aria-hidden=\"true\" class=\"wp-block-spacer\"><\/div>\n\n\n\n<p>Hern\u00e1n Contreras R. no busca, en todo caso, ser alguien que, creyendo distinguirse del resto, observe la realidad sinti\u00e9ndose ajeno a ella, como si fuera un turista, o como un flaneur baudeleriano, sino m\u00e1s bien intenta ser consciente de los distintos aspectos de su recorrido diario, como alguien que puede otorgarle otro sentido, quiz\u00e1 solo relevante para s\u00ed mismo, para poder vivir, para poder sobrevivir a la existencia de lo habitual y al permanente arribo de preguntas sin respuesta. Por ejemplo, en el poema \u201cDistracciones\u201d, en el cual el hablante siente la necesidad de encontrar el silencio en el ruido, nos encontramos con los siguientes versos: <strong>\u201cbuscaba mirar\/ la quietud del vuelo de un c\u00f3ndor\/ luci\u00e9rnagas invertidas\/ que trajeran la noche a pedazos\u201d<\/strong>. O tambi\u00e9n en el poema \u201cPaseo\u201d tenemos estos: <strong>\u201clos ojos buscan el sol en las veredas\/ los pasos propios en los o\u00eddos\/ cuando todos los colores est\u00e1n en donde pertenecen\u201d<\/strong>. En ambos, se parte de una intenci\u00f3n perceptiva. Teniendo aquello en consideraci\u00f3n, podemos entender que la obra no representa una epifan\u00eda casual, al contrario, esta contiene una b\u00fasqueda que tiene como base la necesidad de que, ahondando en la realidad, se pueda provocar una sensaci\u00f3n que permita soportarla, habitarla, ser alguien, ya sea a trav\u00e9s de la contemplaci\u00f3n del advenimiento de la noche, ya sea sintiendo que, por alguna vez, el paisaje se muestra tal y como debe ser, en el pleno esplendor de su naturaleza, sin arbitrariedad alguna.&nbsp;<\/p>\n\n\n\n<div style=\"height:30px\" aria-hidden=\"true\" class=\"wp-block-spacer\"><\/div>\n\n\n\n<p>Hern\u00e1n Contreras R. explicita su visi\u00f3n sobre el mundo: un lugar donde, a pesar de la primac\u00eda de la fugacidad y la incertidumbre, podemos estar agradecidos de poder contemplar las luces que luchan contra la oscuridad de la noche, de poder admirar c\u00f3mo caen las hojas en un paisaje que contrasta con la nieve lejana, donde, si eventualmente queremos desaparecer, sabemos que al menos tenemos la capacidad de imaginar la muerte.&nbsp;<\/p>\n\n\n\n<div style=\"height:30px\" aria-hidden=\"true\" class=\"wp-block-spacer\"><\/div>\n\n\n\n<p>\u00bfDe d\u00f3nde surge el poema? Necesitamos comprender que estamos <em>ac\u00e1<\/em>, necesitamos sumergirnos en la presencia del presente, para apreciar, para iluminar nuestra mirada. \u00bfDe d\u00f3nde surge el poema? El lenguaje empapa el iris para que el d\u00eda de ma\u00f1ana, cuando nos adentremos en lo profundo de la incertidumbre, podamos detenernos frente a un farol, frente a los restos de la lluvia o un paradero, y entendamos que solo la nostalgia nos ense\u00f1ar\u00e1 a, en la plena ebriedad de la sinceridad, apreciar el hombro ajeno; que debemos emprender nuestra propia b\u00fasqueda hacia un hogar que se encuentre en todas partes.&nbsp;<\/p>\n\n\n\n<div style=\"height:60px\" aria-hidden=\"true\" class=\"wp-block-spacer\"><\/div>\n\n\n\n<p class=\"has-text-align-right\"><em>Sebasti\u00e1n Alvarado Fuentes (Santiago de Chile, 1989). Licenciado en Ling\u00fc\u00edstica y Literatura de la Universidad de Chile y Profesor de Lenguaje y Comunicaci\u00f3n de la Universidad Cat\u00f3lica (Premio Facultad de Educaci\u00f3n UC 2020). Mag\u00edster en Letras con menci\u00f3n en Literatura de la misma casa de estudios. Autor de la novela El punto de no retorno (Editorial Camino, 2021) y del plaquette de poes\u00eda Necrovida (PorlasM\u00edas Ediciones, 2021). Entre otras cosas, gan\u00f3 el primer lugar en Poes\u00eda del VII Concurso Literario del Cementerio Metropolitano (2022) y el primer lugar en el VI Concurso de Cuento Corto de Vitacura (2022).<\/em><\/p>\n\n\n\n<div style=\"height:30px\" aria-hidden=\"true\" class=\"wp-block-spacer\"><\/div>\n\n\n\n<p class=\"has-text-align-right\"><em>Hern\u00e1n Contreras R. (Santiago de Chile, 1990) Public\u00f3 las plaquettes de poes\u00eda Proyecciones (La Maceta Ediciones, 2018) y El agua que baja (Porlasmias Ediciones, 2022). Tambi\u00e9n es autor de los poemarios Trayecto hacia algunos d\u00edas (Ediciones Filacteria, 2018) y Arritmia (Lagar Editores, 2024). Actualmente reside en Puerto Montt, donde trabaja en proyectos literarios, culturales y educativos. En el plano internacional, ha participado en el Festival Internacional de Poes\u00eda Joven Jaur\u00eda de Palabras, Santa Cruz de la Sierra, Bolivia (2021), del Encuentro Internacional de Poetas de Zamora, Michoac\u00e1n, M\u00e9xico (2024) y de la Feria del Libro de Funza, Bacat\u00e1, Colombia (2024).<\/em><\/p>\n\n\n\n<div style=\"height:30px\" aria-hidden=\"true\" class=\"wp-block-spacer\"><\/div>\n\n\n\n<p class=\"has-text-align-right\"><\/p>\n","protected":false},"excerpt":{"rendered":"<p>Arritmia es el tercer libro de poemas escrito por Hern\u00e1n Contreras R. Editado por Lagar Editores, contiene 33 poemas que fijan la atenci\u00f3n \u00aben los rastros, en las pistas, en lo que nos ense\u00f1an los elementos atrapados en su devenir\u00bb, dice Sebasti\u00e1n Alvarado Fuentes en esta rese\u00f1a del poemario. \u00bfDe d\u00f3nde surge el poema? Alguien [&hellip;]<\/p>\n","protected":false},"author":331,"featured_media":18700,"comment_status":"closed","ping_status":"closed","sticky":false,"template":"","format":"standard","meta":{"_acf_changed":false,"footnotes":""},"categories":[16],"tags":[],"taxonomy\/multi-autores":[],"taxonomy\/archivo-especiales":[],"class_list":["post-18697","post","type-post","status-publish","format-standard","has-post-thumbnail","hentry","category-la-ciudad-letrada"],"acf":[],"_links":{"self":[{"href":"https:\/\/razacomica.cl\/sitio\/wp-json\/wp\/v2\/posts\/18697","targetHints":{"allow":["GET"]}}],"collection":[{"href":"https:\/\/razacomica.cl\/sitio\/wp-json\/wp\/v2\/posts"}],"about":[{"href":"https:\/\/razacomica.cl\/sitio\/wp-json\/wp\/v2\/types\/post"}],"author":[{"embeddable":true,"href":"https:\/\/razacomica.cl\/sitio\/wp-json\/wp\/v2\/users\/331"}],"replies":[{"embeddable":true,"href":"https:\/\/razacomica.cl\/sitio\/wp-json\/wp\/v2\/comments?post=18697"}],"version-history":[{"count":2,"href":"https:\/\/razacomica.cl\/sitio\/wp-json\/wp\/v2\/posts\/18697\/revisions"}],"predecessor-version":[{"id":18703,"href":"https:\/\/razacomica.cl\/sitio\/wp-json\/wp\/v2\/posts\/18697\/revisions\/18703"}],"wp:featuredmedia":[{"embeddable":true,"href":"https:\/\/razacomica.cl\/sitio\/wp-json\/wp\/v2\/media\/18700"}],"wp:attachment":[{"href":"https:\/\/razacomica.cl\/sitio\/wp-json\/wp\/v2\/media?parent=18697"}],"wp:term":[{"taxonomy":"category","embeddable":true,"href":"https:\/\/razacomica.cl\/sitio\/wp-json\/wp\/v2\/categories?post=18697"},{"taxonomy":"post_tag","embeddable":true,"href":"https:\/\/razacomica.cl\/sitio\/wp-json\/wp\/v2\/tags?post=18697"},{"taxonomy":"multi-autores","embeddable":true,"href":"https:\/\/razacomica.cl\/sitio\/wp-json\/wp\/v2\/taxonomy\/multi-autores?post=18697"},{"taxonomy":"archivo-especiales","embeddable":true,"href":"https:\/\/razacomica.cl\/sitio\/wp-json\/wp\/v2\/taxonomy\/archivo-especiales?post=18697"}],"curies":[{"name":"wp","href":"https:\/\/api.w.org\/{rel}","templated":true}]}}