{"id":19866,"date":"2026-03-04T16:00:35","date_gmt":"2026-03-04T16:00:35","guid":{"rendered":"https:\/\/razacomica.cl\/sitio\/?p=19866"},"modified":"2026-03-04T16:00:36","modified_gmt":"2026-03-04T16:00:36","slug":"claudia-apablaza-tenia-una-deuda-con-la-busqueda-del-pasado-familiar-y-politico","status":"publish","type":"post","link":"https:\/\/razacomica.cl\/sitio\/2026\/03\/04\/claudia-apablaza-tenia-una-deuda-con-la-busqueda-del-pasado-familiar-y-politico\/","title":{"rendered":"Claudia Apablaza: \u201cTen\u00eda una deuda con la b\u00fasqueda del pasado familiar y pol\u00edtico\u201d"},"content":{"rendered":"\n<div style=\"height:100px\" aria-hidden=\"true\" class=\"wp-block-spacer\"><\/div>\n\n\n\n<p class=\"has-text-align-right has-medium-font-size\"><em>La autora de <\/em>La siembra de Nubes <em>(Seix Barral, 2025) y editora de Los Libros de la Mujer Rota, ahonda en la experiencia escritural de su \u00faltima novela, donde tras obtener una beca, Amelia, una joven cient\u00edfica, ordena su vida para dejar Chile; mientras investiga una forma peculiar de hacer llover y busca piezas de su pasado antes de partir.\u00a0 Este, dice, \u201ces un libro donde el pasado emerge en el di\u00e1logo, en c\u00f3mo el pasado cobra presencia a partir de la palabra\u201d.<\/em><\/p>\n\n\n\n<div style=\"height:100px\" aria-hidden=\"true\" class=\"wp-block-spacer\"><\/div>\n\n\n\n<p>\u201cLa novela conecta el pasado con el presente y futuro del personaje\u201d, responde Claudia Apablaza y con esta frase resume en doce palabras el impulso de su m\u00e1s reciente novela, <a href=\"https:\/\/www.planetadelibros.cl\/libro-la-siembra-de-nubes\/432432\"><strong><em>La siembra de nubes,<\/em> publicado el a\u00f1o 2025 por el sello Seix Barral.\u00a0<\/strong><\/a><\/p>\n\n\n\n<div style=\"height:37px\" aria-hidden=\"true\" class=\"wp-block-spacer\"><\/div>\n\n\n\n<p><strong>Nubes, libros, la b\u00fasqueda de respuestas sobre un pasado que urge saber antes de un viaje cient\u00edfico al otro hemisferio. <\/strong>Amelia, una joven cient\u00edfica obtiene una beca para ir a Canad\u00e1. Antes de partir, se propone ordenar no solo sus maletas y su vida amorosa: tambi\u00e9n se apresta a hurgar en su pasado familiar.\u00a0<\/p>\n\n\n\n<div style=\"height:37px\" aria-hidden=\"true\" class=\"wp-block-spacer\"><\/div>\n\n\n\n<p>El viaje opera como motor y conector de temporadas. En los cap\u00edtulos, a medida que la protagonista sigue tomando muestras de las lluvias -hijas de las nubes- va encontrando fragmentos, uniendolos, dejando atr\u00e1s el ocultismo. Todo esto gracias a la colaboraci\u00f3n de sus antepasadas \u00e1vidas a entregar sus versiones: tal vez es solo el paso del tiempo que hace que la informaci\u00f3n pierda valor, o m\u00e1s bien, que no haya nada que perder en el contar.&nbsp;<\/p>\n\n\n\n<div style=\"height:37px\" aria-hidden=\"true\" class=\"wp-block-spacer\"><\/div>\n\n\n\n<p>Amelia:<\/p>\n\n\n\n<p>(Una mujer que cuida el agua)<\/p>\n\n\n\n<p><strong>(Una mujer cient\u00edfica)<\/strong><\/p>\n\n\n\n<p>(Una mujer que recolecta aguas y nubes en frasquitos)<\/p>\n\n\n\n<p>(Una mujer que se prepara para un viaje)<\/p>\n\n\n\n<p>(Una mujer que busca informaci\u00f3n pero que a veces se evade con la ayuda de la qu\u00edmica)<\/p>\n\n\n\n<div style=\"height:37px\" aria-hidden=\"true\" class=\"wp-block-spacer\"><\/div>\n\n\n\n<p>Amelia se apresta espec\u00edficamente a saber m\u00e1s de Aquiles, curioso t\u00edo que perdi\u00f3 una mano en un accidente cuando ni\u00f1o, y que durante la dictadura emprendi\u00f3 escapatoria a Brasil. \u201cDicen que los chilenos que viven en el extranjero siempre est\u00e1n extra\u00f1ando la cordillera, que se desorientan sin cerros cerca o que a veces la confunden con enormes edificios blancos\u201d, imagina una de las personajes mayores del libro, las antepasadas de Amelia, porque<strong> en la b\u00fasqueda hay mucho de especulaci\u00f3n, muchos \u201cdicen\u201d.<\/strong><\/p>\n\n\n\n<div style=\"height:37px\" aria-hidden=\"true\" class=\"wp-block-spacer\"><\/div>\n\n\n\n<p><strong>Parte de la clave del libro es uno de los legados de Aquiles: su biblioteca. <\/strong>Amelia sabe el valor simb\u00f3lico y material de esos tomos y no quiere dejarlos a cualquiera. \u201cLos libros necesitan lugares seguros\u201d, especialmente estos que tienen claves de \u00e9l, que parece tan lejano pero que est\u00e1 ah\u00ed, a tan solo un mensaje de whatsapp, en el mismo subcontinente.\u00a0<\/p>\n\n\n\n<div style=\"height:37px\" aria-hidden=\"true\" class=\"wp-block-spacer\"><\/div>\n\n\n\n<p><strong>\u201c\u00bfA alguien no le ha pasado alguna vez cuando decidimos marcharnos, irnos, y aparece de pronto la nostalgia y el trabajo severo y aleccionador del desapego?\u201d<\/strong>, se preguntaba respecto a esta novela la periodista <a href=\"https:\/\/razacomica.cl\/sitio\/2025\/11\/19\/el-viaje-por-las-nubes-sobre-la-siembra-de-las-nubes-de-claudia-apablaza\/\">Erika Montecinos en una cr\u00edtica publicada tambi\u00e9n por esta revista.<\/a> Es bueno insistir en la pregunta.\u00a0<\/p>\n\n\n\n<div style=\"height:37px\" aria-hidden=\"true\" class=\"wp-block-spacer\"><\/div>\n\n\n\n<p>Termino de leer el libro un d\u00eda de nubes raras, listas para una lluvia, como si hubiesen sido sembradas. Un tif\u00f3n beb\u00e9 en pleno enero que me hace pensar en qu\u00e9 anotar\u00eda Amelia sobre esta extra\u00f1eza estival.&nbsp;<\/p>\n\n\n\n<div style=\"height:100px\" aria-hidden=\"true\" class=\"wp-block-spacer\"><\/div>\n\n\n\n<figure class=\"w-richtext-figure-type-image w-richtext-align-fullwidth wp-block-image size-large\"><img loading=\"lazy\" decoding=\"async\" width=\"601\" height=\"1024\" src=\"https:\/\/razacomica.cl\/sitio\/wp-content\/uploads\/2026\/02\/27990-portada-la-siembra-de-las-nubes-claudia-apablaza-20251002174-601x1024.webp\" alt=\"\" class=\"wp-image-19864\"\/><\/figure>\n\n\n\n<div style=\"height:100px\" aria-hidden=\"true\" class=\"wp-block-spacer\"><\/div>\n\n\n\n<p><strong>-\u00bfDe d\u00f3nde te apareci\u00f3 esta idea de la siembra de nubes? Hay un <\/strong><strong><em>paper <\/em><\/strong><strong>cuyos fragmentos dan continuidad al libro, a sus cap\u00edtulos\u2026 \u00bfLo buscaste por la idea o te apareci\u00f3 primero?<\/strong><\/p>\n\n\n\n<div style=\"height:37px\" aria-hidden=\"true\" class=\"wp-block-spacer\"><\/div>\n\n\n\n<p>Llegu\u00e9 a la idea de la siembra de nubes cuando, trabajando en la novela, le cambi\u00e9 el oficio a Amelia, la personaje principal. Mi idea era que ella tuviese un oficio acorde a su pasado familiar, para que estuviese conectada esa memoria a su propio trabajo. Los abuelos de Amelia se dedicaron a los cultivos, y la escasez de lluvias marc\u00f3 esas historias. Es por eso que Amelia se vincula a ese oficio, estudiar las lluvias y sus aristas. Pero tambi\u00e9n busqu\u00e9 conectarlo con el presente, no solo ese pasado familiar, entonces la novela conecta ese pasado con el presente y futuro del personaje. Ah\u00ed aparece el cambio clim\u00e1tico, con lo que est\u00e1 actualmente pasando con el agua y leyendo acerca de qu\u00e9 nuevos ejes est\u00e1 tomando el cuidado del agua, di con esta t\u00e9cnica alternativa para hacer llover llamada la siembra de nubes.<\/p>\n\n\n\n<div style=\"height:37px\" aria-hidden=\"true\" class=\"wp-block-spacer\"><\/div>\n\n\n\n<p><strong>-La protagonista es una joven cient\u00edfica. \u00bfC\u00f3mo se construye, c\u00f3mo construiste t\u00fa este personaje? \u00bfQu\u00e9 consideraciones tuviste?<\/strong><\/p>\n\n\n\n<div style=\"height:37px\" aria-hidden=\"true\" class=\"wp-block-spacer\"><\/div>\n\n\n\n<p>Me cost\u00f3 darle cuerpo a la protagonista. Cuando tom\u00e9 la decisi\u00f3n de que iba a ser una cient\u00edfica que estudia las nubes, las lluvia y t\u00e9cnicas alternativas para afrontar la sequ\u00eda, fui construy\u00e9ndola en base a lo intuitivo que tiene la escritura, adem\u00e1s de una investigaci\u00f3n a diferentes niveles, desde leer papers, a novelas en que las protagonistas son cient\u00edficas como <a href=\"https:\/\/www.npr.org\/2017\/05\/27\/530337234\/chemistry-a-novel-is-about-a-scientist-whose-plans-gets-reconstituted\"><em>Qu\u00edmica <\/em>de Weike Wang<\/a>, pasando por mirar redes sociales de activistas, acercarme m\u00e1s a ese pasado familiar, entre otros. En base a todo estos ejercicios, fui construyendo el personaje de Amelia.<\/p>\n\n\n\n<div style=\"height:37px\" aria-hidden=\"true\" class=\"wp-block-spacer\"><\/div>\n\n\n\n<p><strong>-El libro tiene tejidos otros libros que dan claves de los personajes. Es un lindo dispositivo de la literatura dentro de la literatura. \u00bfQu\u00e9 particularidades tienen en el caso de tu libro?<\/strong><\/p>\n\n\n\n<div style=\"height:37px\" aria-hidden=\"true\" class=\"wp-block-spacer\"><\/div>\n\n\n\n<p>Hay muchos libros insertos en este libro, desde ep\u00edgrafes, a libros que leen los protagonistas; intertextualidades, parafraseos, dos libros que est\u00e1 leyendo Amelia:<em> Los ni\u00f1os de Rusia <\/em>de Julia Auger (que es un libro ficcionado) y <em>Los pasos perdidos<\/em> de Alejo Carpentier, que es fundamental no solo porque Amelia lo lee, sino porque el viaje de emprende el personaje en \u00e9l me sirvi\u00f3 de gu\u00eda para el posible viaje de Amelia. Tambi\u00e9n est\u00e1n presentes todos los libros de la biblioteca de Aquiles, esa biblioteca que Amelia quiere dejar bien cuidada. Ahora bien, no es el eje de <em>La siembra de nubes<\/em> el detenerse en una infinidad de libros y autores, sin que estos son excusas para indagar en el pasado familiar y pol\u00edtico de Amelia y en los desastres del cambio clim\u00e1tico.<\/p>\n\n\n\n<div style=\"height:37px\" aria-hidden=\"true\" class=\"wp-block-spacer\"><\/div>\n\n\n\n<p><strong>-Otra cosa que tiene que ver con la literatura es la b\u00fasqueda propiamente tal. En este caso, Ame busca la historia, su pasado, el enigm\u00e1tico Aquiles que est\u00e1 a solo un whatsapp de distancia pero que parece tan lejano. Coincide con la publicaci\u00f3n de <\/strong><a href=\"https:\/\/razacomica.cl\/sitio\/2026\/01\/08\/el-cuerpo-eran-las-cartas-kamelia-mardones-sobre-libro-dedicado-a-su-tia-prisionera-politica\/\"><strong>otro libro de una b\u00fasqueda de personaje, que es el de Kamelia<\/strong><\/a><strong>, y que publicaste por La Mujer Rota. \u00bfCu\u00e1n clave est\u00e1 siendo este aspecto para tu escritura y tu trabajo de edici\u00f3n?<\/strong><\/p>\n\n\n\n<div style=\"height:37px\" aria-hidden=\"true\" class=\"wp-block-spacer\"><\/div>\n\n\n\n<p><strong>Ten\u00eda una deuda con esta tem\u00e1tica, con la b\u00fasqueda del pasado familiar y pol\u00edtico. Mis otros libros se centraban con urgencia en un presente, ese presente cobraba mucha m\u00e1s fuerza que abordar dudas acerca del pasado y formas de acceder a \u00e9l. Esta deuda se ha concretado en parte en este libro, porque bien sabemos que tanto el pasado como el presente son inconmensurables.<\/strong><\/p>\n\n\n\n<div style=\"height:37px\" aria-hidden=\"true\" class=\"wp-block-spacer\"><\/div>\n\n\n\n<p><strong>&#8211;<\/strong><a href=\"https:\/\/eldesconcierto.cl\/2025\/12\/28\/claudia-apablaza-escritora-la-crisis-climatica-son-miedos-que-nos-atraviesan-a-todos-salvo-que-seas-negacionista\"><strong>Para El Desconcierto hiciste un peque\u00f1o barrido de algunos libros sobre el cambio clim\u00e1tico<\/strong><\/a><strong>. Actualmente en los cat\u00e1logos est\u00e1n llegando libros de ecopoesia y el tema parece latir de vez en cuando. \u00bfEn qu\u00e9 panorama del t\u00f3pico se sit\u00faa tu novela y desde d\u00f3nde?\u00a0<\/strong><\/p>\n\n\n\n<div style=\"height:37px\" aria-hidden=\"true\" class=\"wp-block-spacer\"><\/div>\n\n\n\n<p>S\u00ed, me refer\u00ed a los libros de Samanta Schweblin, <em>Distancia de rescate<\/em>; de Fernanda Tr\u00edas, <em>Mugre Rosa<\/em>; <em>Islas de calor<\/em> de Mal\u00fa Furche y <em>Arca <\/em>de Mar\u00eda Paz Rodr\u00edguez. Todas estas autoras trabajan el tema del cambio clim\u00e1tico, y sus consecuencias, desde la ficci\u00f3n.<strong> Me sit\u00fao en ese lugar, que a partir de las herramientas de la ficci\u00f3n y la literatura, podemos hablar y denunciar este presente devastador.&nbsp;<\/strong><\/p>\n\n\n\n<div style=\"height:37px\" aria-hidden=\"true\" class=\"wp-block-spacer\"><\/div>\n\n\n\n<p><strong>-Vi en otra entrevista que contaste que escribes en paralelo. Cu\u00e9ntanos un poco sobre c\u00f3mo te despliegas como escritora. \u00bfD\u00f3nde encuentras el momento de la escritura?<\/strong>&nbsp;<\/p>\n\n\n\n<div style=\"height:37px\" aria-hidden=\"true\" class=\"wp-block-spacer\"><\/div>\n\n\n\n<p><strong>Soy una escritora que lucha por sostener el oficio. No digamos que lo he logrado, pero tengo claro que la escritura nace de ese proceso de ponerse a trabajar en un texto, de escribir y no esperar que te llegue la inspiraci\u00f3n. No s\u00e9 muy bien qu\u00e9 es la inspiraci\u00f3n, no logro comprender ese concepto.<\/strong> Debo ser demasiado concreta. Mi cabeza entra en un proceso de escritura, que fluct\u00faa entre distintos estados. A veces se materializa en el texto y tecleo, pero en otras ocasiones, estoy solo trabajando en ello, tanto de forma consciente como inconsciente. Leo, pienso en el texto, lo trabajo antes de concretarlo.<\/p>\n\n\n\n<div style=\"height:37px\" aria-hidden=\"true\" class=\"wp-block-spacer\"><\/div>\n\n\n\n<p><strong>-Lo autobiogr\u00e1fico est\u00e1 en Amelia. \u00bfPrefieres el extra\u00f1amiento o te aproximas a la escritura desde lo vivido?&nbsp;<\/strong><\/p>\n\n\n\n<div style=\"height:37px\" aria-hidden=\"true\" class=\"wp-block-spacer\"><\/div>\n\n\n\n<p><strong>En este libro he trabajado con muchos tipos de materiales: recuerdos, preguntas, ausencias de un pasado, vac\u00edos, b\u00fasquedas, pero tambi\u00e9n con sectores que he habitado, como todos los pueblos que menciono all\u00ed: <\/strong>Las Mercedes, San Francisco de Mostazal, Graneros, Rancagua, Requ\u00ednoa; tambi\u00e9n con ciertas historias familiares, emocionales, personales y tambi\u00e9n de cercanos.<strong> Es un juego en que esos materiales dialogan para dar paso a la ficci\u00f3n.<\/strong><\/p>\n\n\n\n<div style=\"height:37px\" aria-hidden=\"true\" class=\"wp-block-spacer\"><\/div>\n\n\n\n<p><strong>-Sobre lo mismo, este libro tiene a la provincia como espacio de la historia. T\u00fa eres de provincia. \u00bfQu\u00e9 lugar ocupa para ti? \u00bfDetermina algo en tu forma de mirar y hacer la escritura?&nbsp;&nbsp;<\/strong><\/p>\n\n\n\n<div style=\"height:37px\" aria-hidden=\"true\" class=\"wp-block-spacer\"><\/div>\n\n\n\n<p><strong>Yo siempre escribo desde la provincia. <\/strong>Desde Requinoa, Las Mercedes, San Francisco de Mostazal, Rancagua.<strong> Desde ese margen. No escribo desde las grandes ciudades.<\/strong> Ahora bien, algunos personajes de mis textos llegan a habitar las grandes ciudades, pero arriban a ella, la visitan, la intentan abordar pero siempre se ven da\u00f1ados por ellas, fracasan ante ella, se repliegan, quieren huir; no la abordan. <strong>Escribo desde el extra\u00f1amiento de la ciudad, del miedo y asfixia a ella, y desde la ternura y cobijo que me produce el campo o esos peque\u00f1os pueblos a los que mis personajes siempre quieren regresar.<\/strong><\/p>\n\n\n\n<div style=\"height:37px\" aria-hidden=\"true\" class=\"wp-block-spacer\"><\/div>\n\n\n\n<p>&nbsp;<strong>-Hay un aspecto quiz\u00e1s cartesiano que no necesariamente se opone pero que hace encontrar el aspecto cient\u00edfico con los saberes de los personajes, especialmente los mayores que hablan del pasado. \u00bfC\u00f3mo ves esta relaci\u00f3n? Por ejemplo, cuando Ame dice: \u201crecord\u00e9 la palabra que me dijo mi abuela: \u2018cosecha\u2019 de nubes y me pareci\u00f3 m\u00e1s hermosa que la que yo usaba siempre: la siembra\u201d.&nbsp;<\/strong><\/p>\n\n\n\n<div style=\"height:37px\" aria-hidden=\"true\" class=\"wp-block-spacer\"><\/div>\n\n\n\n<p>La abuela porta las historias del pasado al que Amelia no puede acceder. Porta digamos una suerte de \u201cverdad\u201d; creo que se puede pensar como algo cartesiano. Amelia no hace m\u00e1s que aspirar a ese saber, porque se mueve en una suerte de nebulosa, desde esa lejan\u00eda que le da el tiempo y la imposibilidad del acceso directo a ese pasado. Ni siquiera desde el recuerdo, desde la memoria, porque ni siquiera hubo momentos que recordar, esa la ausencia casi total. A ella solo le queda&nbsp; escarbar, preguntar, dialogar con la abuela y con otros personajes para acceder a ese pasado. <strong><em>La siembra de nubes<\/em><\/strong><strong> es un libro donde el pasado emerge en el di\u00e1logo, en c\u00f3mo el pasado cobra presencia a partir de la palabra.<\/strong><\/p>\n\n\n\n<div style=\"height:37px\" aria-hidden=\"true\" class=\"wp-block-spacer\"><\/div>\n\n\n\n<p><strong>-\u00bfQu\u00e9 preguntas crees que no han surgido a prop\u00f3sito del libro? A veces una misma encuentra otras cosas despu\u00e9s, con las preguntas de los otros, o en la ausencia de las mismas.<\/strong><\/p>\n\n\n\n<div style=\"height:37px\" aria-hidden=\"true\" class=\"wp-block-spacer\"><\/div>\n\n\n\n<p>Creo que nadie se ha detenido a preguntarme qu\u00e9 otras cosas representa Aquiles. Es uno de los personajes principales del libro y porta mucho simbolismo. Primero, es la met\u00e1fora del padre, pero tambi\u00e9n Aquiles porta la infancia de Amelia. Es decir, en la b\u00fasqueda de la historia de Aquiles, Amelia intenta acceder a su infancia en dictadura, c\u00f3mo fue esa infancia en un pueblo de la sexta regi\u00f3n.<strong> La pregunta por Aquiles es tambi\u00e9n la pregunta por esa infancia. Es uno de los temas a los que ella intenta acercarse, rescatar y ponerle cuerpo. <\/strong>Tal vez todas las preguntas han estado m\u00e1s centradas en el tema clim\u00e1tico y en su tema sexoafectivo, que tambi\u00e9n son dos ejes muy importantes del libro.<\/p>\n\n\n\n<div style=\"height:107px\" aria-hidden=\"true\" class=\"wp-block-spacer\"><\/div>\n\n\n\n<figure class=\"w-richtext-figure-type-image w-richtext-align-fullwidth wp-block-image size-large\"><img loading=\"lazy\" decoding=\"async\" width=\"1024\" height=\"1024\" src=\"https:\/\/razacomica.cl\/sitio\/wp-content\/uploads\/2025\/11\/Claudia-Apablaza-\u00a9-Mire-Anfe-1-1024x1024.jpg\" alt=\"Claudia-Apablaza-\u00a9-Mire-Anfe-1-scaled.jpg\n\" class=\"wp-image-19415\"\/><\/figure>\n","protected":false},"excerpt":{"rendered":"<p>La autora de La siembra de Nubes (Seix Barral, 2025) y editora de Los Libros de la Mujer Rota, ahonda en la experiencia escritural de su \u00faltima novela, donde tras obtener una beca, Amelia, una joven cient\u00edfica, ordena su vida para dejar Chile; mientras investiga una forma peculiar de hacer llover y busca piezas de [&hellip;]<\/p>\n","protected":false},"author":63,"featured_media":19865,"comment_status":"closed","ping_status":"closed","sticky":false,"template":"","format":"standard","meta":{"_acf_changed":false,"footnotes":""},"categories":[3897,16],"tags":[4238,504,2547],"taxonomy\/multi-autores":[],"taxonomy\/archivo-especiales":[3810],"class_list":["post-19866","post","type-post","status-publish","format-standard","has-post-thumbnail","hentry","category-carrusel","category-la-ciudad-letrada","tag-claudia-apablaza","tag-francisca-palma","tag-novela","archivo-especiales-escritura-por-mujeres"],"acf":[],"_links":{"self":[{"href":"https:\/\/razacomica.cl\/sitio\/wp-json\/wp\/v2\/posts\/19866","targetHints":{"allow":["GET"]}}],"collection":[{"href":"https:\/\/razacomica.cl\/sitio\/wp-json\/wp\/v2\/posts"}],"about":[{"href":"https:\/\/razacomica.cl\/sitio\/wp-json\/wp\/v2\/types\/post"}],"author":[{"embeddable":true,"href":"https:\/\/razacomica.cl\/sitio\/wp-json\/wp\/v2\/users\/63"}],"replies":[{"embeddable":true,"href":"https:\/\/razacomica.cl\/sitio\/wp-json\/wp\/v2\/comments?post=19866"}],"version-history":[{"count":1,"href":"https:\/\/razacomica.cl\/sitio\/wp-json\/wp\/v2\/posts\/19866\/revisions"}],"predecessor-version":[{"id":19867,"href":"https:\/\/razacomica.cl\/sitio\/wp-json\/wp\/v2\/posts\/19866\/revisions\/19867"}],"wp:featuredmedia":[{"embeddable":true,"href":"https:\/\/razacomica.cl\/sitio\/wp-json\/wp\/v2\/media\/19865"}],"wp:attachment":[{"href":"https:\/\/razacomica.cl\/sitio\/wp-json\/wp\/v2\/media?parent=19866"}],"wp:term":[{"taxonomy":"category","embeddable":true,"href":"https:\/\/razacomica.cl\/sitio\/wp-json\/wp\/v2\/categories?post=19866"},{"taxonomy":"post_tag","embeddable":true,"href":"https:\/\/razacomica.cl\/sitio\/wp-json\/wp\/v2\/tags?post=19866"},{"taxonomy":"multi-autores","embeddable":true,"href":"https:\/\/razacomica.cl\/sitio\/wp-json\/wp\/v2\/taxonomy\/multi-autores?post=19866"},{"taxonomy":"archivo-especiales","embeddable":true,"href":"https:\/\/razacomica.cl\/sitio\/wp-json\/wp\/v2\/taxonomy\/archivo-especiales?post=19866"}],"curies":[{"name":"wp","href":"https:\/\/api.w.org\/{rel}","templated":true}]}}