{"id":20070,"date":"2026-04-27T01:09:02","date_gmt":"2026-04-27T01:09:02","guid":{"rendered":"https:\/\/razacomica.cl\/sitio\/?p=20070"},"modified":"2026-04-27T01:09:03","modified_gmt":"2026-04-27T01:09:03","slug":"metodo-de-supervivencia-invernal","status":"publish","type":"post","link":"https:\/\/razacomica.cl\/sitio\/2026\/04\/27\/metodo-de-supervivencia-invernal\/","title":{"rendered":"M\u00e9todo de supervivencia invernal"},"content":{"rendered":"\n<div style=\"height:100px\" aria-hidden=\"true\" class=\"wp-block-spacer\"><\/div>\n\n\n\n<p class=\"has-text-align-right\"><em>Pa iluminar la casa de un pobre hombre<\/em><\/p>\n\n\n\n<p class=\"has-text-align-right\"><em>no hay mejor vela que la luna.<\/em><\/p>\n\n\n\n<p class=\"has-text-align-right\">Tangos flamencos<\/p>\n\n\n\n<div style=\"height:100px\" aria-hidden=\"true\" class=\"wp-block-spacer\"><\/div>\n\n\n\n<p><\/p>\n\n\n\n<p>Apenas caigo en la cuenta, as\u00ed, dura y certera, de que no est\u00e1s. No est\u00e1s m\u00e1s de la misma manera ni volver\u00e1s a estarlo.\u00a0<\/p>\n\n\n\n<div style=\"height:42px\" aria-hidden=\"true\" class=\"wp-block-spacer\"><\/div>\n\n\n\n<p>Nunca estuve m\u00e1s de acuerdo con una frase tan melodram\u00e1tica como ese \u201cqu\u00e9 l\u00e1stima habernos conocido ahora\u201d que dijiste aquella tarde en el caf\u00e9 despu\u00e9s llegar dulce y tristemente a tal conclusi\u00f3n. No me arrepiento de escucharla y asentir.&nbsp;<\/p>\n\n\n\n<div style=\"height:42px\" aria-hidden=\"true\" class=\"wp-block-spacer\"><\/div>\n\n\n\n<p>Viv\u00ed en la vida versiones m\u00edas muy oscuras; alguna fue como agua estancada, putrefacta (y quien se la bebe), pero en la que apareciste era un espejo de obsidiana. La negrura en su estado m\u00e1s brillante y glorioso, si eso tiene sentido.\u00a0Contigo era abiertamente c\u00ednica, soberbia, imp\u00fadica, gozaba m\u00e1s que con nadie mis vicios porque me devolv\u00edas un reflejo perfecto.\u00a0<\/p>\n\n\n\n<div style=\"height:42px\" aria-hidden=\"true\" class=\"wp-block-spacer\"><\/div>\n\n\n\n<p>\u00c9ramos mordazmente criticones, hasta quer\u00edamos abrir lo que hoy ser\u00eda, \u00bfqu\u00e9?, \u00bfun blog?, \u00bfun podcast?, criticando bien feo a todos y todo lo que nos fastidiaba. La lista era interminable.<\/p>\n\n\n\n<div style=\"height:42px\" aria-hidden=\"true\" class=\"wp-block-spacer\"><\/div>\n\n\n\n<p>Pienso en tu sof\u00e1, en la varita de incienso que prend\u00edas antes de que yo llegara.<\/p>\n\n\n\n<div style=\"height:42px\" aria-hidden=\"true\" class=\"wp-block-spacer\"><\/div>\n\n\n\n<p>Te sedujiste escuchando conmigo m\u00fasicas desconocidas para ti: Camar\u00f3n, Ibeyi, Anoushka Shankar, Cerati.&nbsp;<em>Bocanada<\/em>, claro.<\/p>\n\n\n\n<div style=\"height:42px\" aria-hidden=\"true\" class=\"wp-block-spacer\"><\/div>\n\n\n\n<p>Contigo prob\u00e9 por primera vez el moonshine.<\/p>\n\n\n\n<div style=\"height:42px\" aria-hidden=\"true\" class=\"wp-block-spacer\"><\/div>\n\n\n\n<p>Me viste bailar flamenco, me pintaste.&nbsp;<em>Floating<\/em>&nbsp;nombraste el cuadro.<\/p>\n\n\n\n<div style=\"height:42px\" aria-hidden=\"true\" class=\"wp-block-spacer\"><\/div>\n\n\n\n<p>Nos desternillamos con ese descuidado \u201cya boy para all\u00e1\u201d que enviaste.&nbsp;<\/p>\n\n\n\n<div style=\"height:42px\" aria-hidden=\"true\" class=\"wp-block-spacer\"><\/div>\n\n\n\n<p>Y cuando quererte fue un r\u00edo vivo, una corriente constante, decid\u00ed marcharme.\u00a0<\/p>\n\n\n\n<div style=\"height:42px\" aria-hidden=\"true\" class=\"wp-block-spacer\"><\/div>\n\n\n\n<p>Ahora s\u00e9 que t\u00fa tambi\u00e9n decidiste marcharte, no regresar de una de tus adoradas caminatas nocturnas. Quiz\u00e1 mientras dabas tus primeros pasos sobre ese sendero reci\u00e9n descubierto pensaste en m\u00ed. Estoy segura que s\u00ed porque yo en ti s\u00ed, sin explicaci\u00f3n.<\/p>\n\n\n\n<div style=\"height:42px\" aria-hidden=\"true\" class=\"wp-block-spacer\"><\/div>\n\n\n\n<p>S\u00f3lo dos cosas m\u00e1s para donde est\u00e9s: el caf\u00e9 va sin az\u00facar, y el m\u00e9todo de supervivencia invernal que entonces aplicamos, al menos una vez en la vida, lo viste: funciona.&nbsp;<\/p>\n\n\n\n<div style=\"height:42px\" aria-hidden=\"true\" class=\"wp-block-spacer\"><\/div>\n","protected":false},"excerpt":{"rendered":"<p>Nunca estuve m\u00e1s de acuerdo con una frase tan melodram\u00e1tica como ese \u201cqu\u00e9 l\u00e1stima habernos conocido ahora\u201d que dijiste aquella tarde en el caf\u00e9 despu\u00e9s llegar dulce y tristemente a tal conclusi\u00f3n. No me arrepiento de escucharla y asentir. <\/p>\n","protected":false},"author":221,"featured_media":20302,"comment_status":"closed","ping_status":"closed","sticky":false,"template":"","format":"standard","meta":{"_acf_changed":false,"footnotes":""},"categories":[3897,16],"tags":[4457],"taxonomy\/multi-autores":[],"taxonomy\/archivo-especiales":[],"class_list":["post-20070","post","type-post","status-publish","format-standard","has-post-thumbnail","hentry","category-carrusel","category-la-ciudad-letrada","tag-mariana-viveros"],"acf":[],"_links":{"self":[{"href":"https:\/\/razacomica.cl\/sitio\/wp-json\/wp\/v2\/posts\/20070","targetHints":{"allow":["GET"]}}],"collection":[{"href":"https:\/\/razacomica.cl\/sitio\/wp-json\/wp\/v2\/posts"}],"about":[{"href":"https:\/\/razacomica.cl\/sitio\/wp-json\/wp\/v2\/types\/post"}],"author":[{"embeddable":true,"href":"https:\/\/razacomica.cl\/sitio\/wp-json\/wp\/v2\/users\/221"}],"replies":[{"embeddable":true,"href":"https:\/\/razacomica.cl\/sitio\/wp-json\/wp\/v2\/comments?post=20070"}],"version-history":[{"count":3,"href":"https:\/\/razacomica.cl\/sitio\/wp-json\/wp\/v2\/posts\/20070\/revisions"}],"predecessor-version":[{"id":20303,"href":"https:\/\/razacomica.cl\/sitio\/wp-json\/wp\/v2\/posts\/20070\/revisions\/20303"}],"wp:featuredmedia":[{"embeddable":true,"href":"https:\/\/razacomica.cl\/sitio\/wp-json\/wp\/v2\/media\/20302"}],"wp:attachment":[{"href":"https:\/\/razacomica.cl\/sitio\/wp-json\/wp\/v2\/media?parent=20070"}],"wp:term":[{"taxonomy":"category","embeddable":true,"href":"https:\/\/razacomica.cl\/sitio\/wp-json\/wp\/v2\/categories?post=20070"},{"taxonomy":"post_tag","embeddable":true,"href":"https:\/\/razacomica.cl\/sitio\/wp-json\/wp\/v2\/tags?post=20070"},{"taxonomy":"multi-autores","embeddable":true,"href":"https:\/\/razacomica.cl\/sitio\/wp-json\/wp\/v2\/taxonomy\/multi-autores?post=20070"},{"taxonomy":"archivo-especiales","embeddable":true,"href":"https:\/\/razacomica.cl\/sitio\/wp-json\/wp\/v2\/taxonomy\/archivo-especiales?post=20070"}],"curies":[{"name":"wp","href":"https:\/\/api.w.org\/{rel}","templated":true}]}}