{"id":20080,"date":"2026-04-28T01:19:16","date_gmt":"2026-04-28T01:19:16","guid":{"rendered":"https:\/\/razacomica.cl\/sitio\/?p=20080"},"modified":"2026-04-28T01:19:17","modified_gmt":"2026-04-28T01:19:17","slug":"escribir-es-enjaular-la-muerte-dentro-del-sueno","status":"publish","type":"post","link":"https:\/\/razacomica.cl\/sitio\/2026\/04\/28\/escribir-es-enjaular-la-muerte-dentro-del-sueno\/","title":{"rendered":"ESCRIBIR ES ENJAULAR LA MUERTE DENTRO DEL SUE\u00d1O"},"content":{"rendered":"\n<div style=\"height:51px\" aria-hidden=\"true\" class=\"wp-block-spacer\"><\/div>\n\n\n\n<p>La novela&nbsp;<em>P\u00e1jaro angustia<\/em>&nbsp;se inscribe dentro de una tradici\u00f3n narrativa que problematiza el acto mismo de contar, articulando una reflexi\u00f3n literaria profunda sobre el conocimiento, la identidad y la creaci\u00f3n. A trav\u00e9s de una propuesta simb\u00f3lica y autorreferencial, el texto cruza la experiencia formativa de un escritor con los imaginarios m\u00edticos del norte chileno y las tensiones del pensamiento moderno. En este marco, la obra no solo relata una historia, sino que cuestiona sus propios mecanismos y metodolog\u00edas, explorando los l\u00edmites entre raz\u00f3n y emoci\u00f3n, vida y escritura, realidad y ficci\u00f3n, concibiendo la literatura como un espacio de conflicto, revelaci\u00f3n y supervivencia.<\/p>\n\n\n\n<div style=\"height:51px\" aria-hidden=\"true\" class=\"wp-block-spacer\"><\/div>\n\n\n\n<p>Como&nbsp;novela metanarrativa y simb\u00f3lica que entrelaza la formaci\u00f3n de un escritor, se alude a una evidente autoconciencia narrativa,&nbsp;porque el narrador o los personajes comentan el proceso de escritura, la estructura del relato o la relaci\u00f3n entre autor y lector.<\/p>\n\n\n\n<div style=\"height:51px\" aria-hidden=\"true\" class=\"wp-block-spacer\"><\/div>\n\n\n\n<p>De ese modo, se enlaza un juego donde se&nbsp;difuminan los l\u00edmites entre lo real y lo inventado. A veces el autor aparece como personaje, o los personajes saben que son parte de una historia. As\u00ed, vemos la&nbsp;ruptura de la cuarta pared porque los personajes pueden dirigirse directamente al lector o cuestionar la historia que habitan.<\/p>\n\n\n\n<div style=\"height:51px\" aria-hidden=\"true\" class=\"wp-block-spacer\"><\/div>\n\n\n\n<p>Por otra parte, la novela evidencia una intertextualidad y parodia a trav\u00e9s de diversas<strong>&nbsp;<\/strong>alusiones a otras obras, g\u00e9neros o estilos narrativos, a veces con tono humor\u00edstico o cr\u00edtico.&nbsp;<\/p>\n\n\n\n<div style=\"height:51px\" aria-hidden=\"true\" class=\"wp-block-spacer\"><\/div>\n\n\n\n<p>En t\u00e9rminos internos, Osvaldo Godoi construye un relato en el que Gregorio, su protagonista, abandona los estudios de matem\u00e1ticas para entregarse a la literatura, estableciendo un puente entre la l\u00f3gica y la intuici\u00f3n, entre el n\u00famero y la emoci\u00f3n. De ese modo, la novela reflexiona sobre la escritura como enfermedad y como exorcismo: escribir es una forma de escapar de la muerte, pero tambi\u00e9n de invocarla a trav\u00e9s de una herramienta de enemistad y fascinaci\u00f3n.&nbsp;<\/p>\n\n\n\n<div style=\"height:51px\" aria-hidden=\"true\" class=\"wp-block-spacer\"><\/div>\n\n\n\n<p>El relato se abre con una escena semi\u00f3ticamente cargada: en la azotea de una facultad universitaria, Gregorio atestigua la ca\u00edda de una paloma, met\u00e1fora del descenso de la raz\u00f3n y del inicio de su crisis vital. A partir de ese gesto, la novela se despliega como una espiral de recuerdos, ensayos, lecturas, amores y espejismos que reconstruyen su itinerario desde la universidad hasta su encierro en Copiap\u00f3, pasando por la influencia determinante de&nbsp;<em>El obsceno p\u00e1jaro de la noche<\/em>&nbsp;de Jos\u00e9 Donoso (1970). La ficci\u00f3n de Godoi se entreteje con la de Donoso \u2014y con las figuras de Bu\u00f1uel, Bola\u00f1o y B\u00e9cquer\u2014 en un juego de espejos donde el protagonista oscila entre la fascinaci\u00f3n literaria y la descomposici\u00f3n ps\u00edquica.<\/p>\n\n\n\n<div style=\"height:51px\" aria-hidden=\"true\" class=\"wp-block-spacer\"><\/div>\n\n\n\n<p>Entonces, cuando hablamos sobre la intertextualidad, nos remitimos en primer t\u00e9rmino al propio t\u00edtulo, el cual alude a la novela&nbsp;<em>El obsceno p\u00e1jaro de la noche<\/em>&nbsp;de<strong>&nbsp;<\/strong>Donoso, que es una de las obsesiones del protagonista Gregorio, quien lee, interpreta y hasta intenta escribir un gui\u00f3n cinematogr\u00e1fico de esa obra. Donoso usa la figura del \u201cp\u00e1jaro de la noche\u201d como s\u00edmbolo de la&nbsp;culpa, la deformidad, el encierro, la locura. Godoi, al renombrar el s\u00edmbolo, lo transforma:&nbsp;ya no es el p\u00e1jaro de la noche, sino el&nbsp;<em>P\u00e1jaro angustia<\/em>, es decir, una&nbsp;encarnaci\u00f3n interior del miedo, del deseo y de la creaci\u00f3n.<\/p>\n\n\n\n<div style=\"height:51px\" aria-hidden=\"true\" class=\"wp-block-spacer\"><\/div>\n\n\n\n<p>As\u00ed, el t\u00edtulo funciona como&nbsp;una reescritura afectiva&nbsp;del mito donosiano: el p\u00e1jaro sigue siendo el mensajero de lo oscuro, pero ahora es \u00edntimo, subjetivo, personal. Es la&nbsp;voz \u00edntima del escritor.<\/p>\n\n\n\n<div style=\"height:51px\" aria-hidden=\"true\" class=\"wp-block-spacer\"><\/div>\n\n\n\n<p>A lo largo del libro aparecen&nbsp;aves&nbsp;y&nbsp;motivos alados: la&nbsp;paloma&nbsp;que se estrella contra el muro al comienzo de la novela, el&nbsp;\u201cnido\u201d&nbsp;del primer cap\u00edtulo, el vuelo, la ca\u00edda, el encierro y la jaula. En todos esos momentos ornitol\u00f3gicos, el&nbsp;p\u00e1jaro representa el alma de Gregorio, su impulso de libertad, su deseo de volar m\u00e1s all\u00e1 de los l\u00edmites del logos o del deber familiar. Pero ese p\u00e1jaro&nbsp;vive en la angustia, en una jaula de contradicciones: entre ciencia y poes\u00eda, entre amor y soledad, entre vida y escritura. El t\u00edtulo, entonces, expresa&nbsp;esa tensi\u00f3n vital:&nbsp;<em>P\u00e1jaro angustia<\/em>: el alma que desea volar, pero que vive consciente de su encierro.<\/p>\n\n\n\n<div style=\"height:51px\" aria-hidden=\"true\" class=\"wp-block-spacer\"><\/div>\n\n\n\n<p>En un plano existencial, el&nbsp;<em>P\u00e1jaro angustia<\/em>&nbsp;tambi\u00e9n es la&nbsp;imagen de la creaci\u00f3n literaria misma. Gregorio escribe movido por un impulso doloroso, casi febril. En la escritura se libera, pero tambi\u00e9n se desgarra. El \u201cp\u00e1jaro\u201d es su palabra, y la \u201cangustia\u201d su combustible.<\/p>\n\n\n\n<div style=\"height:51px\" aria-hidden=\"true\" class=\"wp-block-spacer\"><\/div>\n\n\n\n<p>Como dijo Humberto D\u00edaz-Casanueva (citado en el ep\u00edgrafe del libro): \u201cEn mi sue\u00f1o he enjaulado a mi muerte\u201d. Aquella frase resume el sentido del t\u00edtulo:&nbsp;escribir es enjaular la muerte dentro del sue\u00f1o&nbsp;y el p\u00e1jaro que canta en esa jaula es la angustia misma.<\/p>\n\n\n\n<div style=\"height:51px\" aria-hidden=\"true\" class=\"wp-block-spacer\"><\/div>\n\n\n\n<p><em>P\u00e1jaro angustia<\/em>&nbsp;nombra al&nbsp;esp\u00edritu creador que vive entre la libertad y la condena,<br>al&nbsp;escritor que transforma su dolor en vuelo&nbsp;y al&nbsp;hombre del norte que busca sentido en medio del vac\u00edo.<\/p>\n\n\n\n<div style=\"height:51px\" aria-hidden=\"true\" class=\"wp-block-spacer\"><\/div>\n\n\n\n<p>En cuanto a los ejes narrativos, el relato se articula en torno a tres puntos axiales:<\/p>\n\n\n\n<p>La crisis de la vocaci\u00f3n racional:&nbsp;Gregorio abandona la carrera de matem\u00e1ticas tras una epifan\u00eda en la azotea de la facultad, donde el vuelo y la muerte de una paloma simbolizan el tr\u00e1nsito de la ciencia al arte.<\/p>\n\n\n\n<div style=\"height:51px\" aria-hidden=\"true\" class=\"wp-block-spacer\"><\/div>\n\n\n\n<p>La b\u00fasqueda de una escritura total:&nbsp;a trav\u00e9s de sus lecturas de Donoso y Bu\u00f1uel, el protagonista imagina un \u201calgoritmo po\u00e9tico\u201d capaz de unir emociones y n\u00fameros, lo que se convierte en met\u00e1fora de la inteligencia creadora.<\/p>\n\n\n\n<div style=\"height:51px\" aria-hidden=\"true\" class=\"wp-block-spacer\"><\/div>\n\n\n\n<p>El descenso a lo \u00edntimo y lo ancestral:&nbsp;la infancia, la abuela Irene y las supersticiones del norte chico y Tocopilla lo conectan con un universo de magia popular y brujer\u00eda femenina \u2014figuras como Peta Ponce o Letnia\u2014 que invaden su literatura y su inconsciente.<\/p>\n\n\n\n<div style=\"height:51px\" aria-hidden=\"true\" class=\"wp-block-spacer\"><\/div>\n\n\n\n<p>El relato oscila entre la memoria, el ensayo y el sue\u00f1o. Gregorio escribe el cuento \u201cLetnia\u201d como un acto de trance. Esa experiencia marca el punto de inflexi\u00f3n donde lo fant\u00e1stico se mezcla definitivamente con la realidad. La frontera entre autor y personaje se diluye hasta el punto en que&nbsp;<em>P\u00e1jaro angustia<\/em>&nbsp;se convierte tambi\u00e9n en una autobiograf\u00eda imaginaria de la escritura misma.<\/p>\n\n\n\n<div style=\"height:51px\" aria-hidden=\"true\" class=\"wp-block-spacer\"><\/div>\n\n\n\n<p>Una de las mayores virtudes del texto radica en que&nbsp;<em>P\u00e1jaro angustia<\/em>&nbsp;no busca contar una historia lineal y monol\u00edtica, sino registrar el proceso de pensamiento y descomposici\u00f3n del sujeto creador. La novela se convierte en una suerte de laboratorio narrativo, donde la escritura intenta sustituir la experiencia vital y donde el fracaso \u2014del amor, del arte, de la cordura\u2014 adquiere una belleza tr\u00e1gica.<\/p>\n\n\n\n<div style=\"height:51px\" aria-hidden=\"true\" class=\"wp-block-spacer\"><\/div>\n\n\n\n<p>Sobre el hablante l\u00edrico y la voz narrativa, podemos anotar que, aunque formalmente es una novela, el texto est\u00e1 impregnado de un lirismo persistente. La voz narrativa fluct\u00faa entre una tercera persona omnisciente que narra el devenir de Gregorio con distancia anal\u00edtica, junto a un tono introspectivo, casi confesional, que traduce su sensibilidad po\u00e9tica. Ese desdoblamiento genera un efecto de espejo entre narrador y protagonista: ambos son el mismo sujeto dividido entre el c\u00e1lculo y la pasi\u00f3n. El lirismo proviene de la interioridad del protagonista: sus reflexiones sobre el amor, el miedo, la muerte, el destino y el acto creativo adquieren la textura del poema en prosa.<\/p>\n\n\n\n<div style=\"height:51px\" aria-hidden=\"true\" class=\"wp-block-spacer\"><\/div>\n\n\n\n<p>El estilo de Godoi es denso, filos\u00f3fico y po\u00e9tico, siempre articulando con las historias y memorias locales y subalternas, con un ritmo envolvente y un l\u00e9xico que oscila entre la precisi\u00f3n ensay\u00edstica y la intensidad metaf\u00f3rica. Se advierte una clara filiaci\u00f3n con Donoso, Bola\u00f1o y el surrealismo de Bu\u00f1uel, pero tambi\u00e9n una voz singular que rescata la oralidad nortina y el tono ensay\u00edstico de la narrativa chilena contempor\u00e1nea.<\/p>\n\n\n\n<div style=\"height:51px\" aria-hidden=\"true\" class=\"wp-block-spacer\"><\/div>\n\n\n\n<p>Predominan las frases largas, las asociaciones simb\u00f3licas y las reflexiones intercaladas que interrumpen la linealidad narrativa. El lenguaje se vuelve musical, impregnado de im\u00e1genes sensoriales \u2014la sal, el viento, la arena, las aves, las cajas de la abuela\u2014 que evocan tanto el paisaje des\u00e9rtico como el universo interior del protagonista.<\/p>\n\n\n\n<div style=\"height:51px\" aria-hidden=\"true\" class=\"wp-block-spacer\"><\/div>\n\n\n\n<p>La estructura misma del texto, con digresiones, relatos intercalados y alusiones metaliterarias, sugiere una obra que dialoga con la tradici\u00f3n del \u201cnovelista de novelistas\u201d: la escritura se examina a s\u00ed misma mientras se despliega.<\/p>\n\n\n\n<div style=\"height:51px\" aria-hidden=\"true\" class=\"wp-block-spacer\"><\/div>\n\n\n\n<p>Sobre los topos del texto, podemos destacar el rol de Tocopilla, peque\u00f1o puerto perif\u00e9rico y globalizado en el desierto de Atacama. Una urbe que&nbsp;ocupa un lugar aleg\u00f3rico fundamental en la novela. M\u00e1s que un escenario, es una matriz emocional y est\u00e9tica. All\u00ed se anclan la infancia, los mitos familiares, la abuela bruja y la primera experiencia del amor. Es el espacio donde lo racional se descompone y lo m\u00edtico soporta.<\/p>\n\n\n\n<div style=\"height:51px\" aria-hidden=\"true\" class=\"wp-block-spacer\"><\/div>\n\n\n\n<p>En la estructura an\u00edmica del libro, Tocopilla representa el origen y el retorno: un territorio marginal donde conviven lo minero y lo marino, lo religioso y lo pagano, lo moderno y lo arcaico, lo tecnol\u00f3gico y lo precario, el \u00f3xido cotidiano y la ternura de las pinturas dom\u00e9sticas, lo energ\u00e9tico de una ciudad de termoel\u00e9ctricas y la oscuridad de la pobreza neoliberal que consume sin iluminar. Todo ello compone un archivo sensible: un dep\u00f3sito de gestos, silencios y materias.<\/p>\n\n\n\n<div style=\"height:51px\" aria-hidden=\"true\" class=\"wp-block-spacer\"><\/div>\n\n\n\n<p>Desde esa geograf\u00eda, Godoi construye una po\u00e9tica del norte chileno como lugar del l\u00edmite \u2014entre la vida y la muerte, entre la ciencia y el hechizo\u2014. En ese sentido,&nbsp;<em>P\u00e1jaro angustia<\/em>&nbsp;es tambi\u00e9n una novela sobre la identidad cultural del desierto, donde lo local se transforma en una met\u00e1fora universal de la desolaci\u00f3n, la asimetr\u00eda y la lucidez. Es tambi\u00e9n una novela de iniciaci\u00f3n, de pensamiento y de revelaci\u00f3n.&nbsp;<\/p>\n\n\n\n<div style=\"height:51px\" aria-hidden=\"true\" class=\"wp-block-spacer\"><\/div>\n\n\n\n<p>Osvaldo Godoi logra reunir en una sola estructura el ensayo literario, la memoria, el mito y la poes\u00eda, componiendo una obra que reflexiona sobre la escritura como forma de salvaci\u00f3n y condena. Tocopilla, en su trasfondo es como punto diminuto en el que se contienen todos los puntos del universo: es decir, un espacio donde se puede ver simult\u00e1neamente&nbsp;todo lo que existe, sin confusi\u00f3n ni l\u00edmite. Representa&nbsp;la totalidad,&nbsp;la memoria infinita y heter\u00f3clita,&nbsp;el conocimiento absoluto,&nbsp;la uni\u00f3n entre lo visible y lo incorp\u00f3reo. Un escenario de amalgama entre las certezas de las ficciones y los delirios h\u00edbridos de las realidades.&nbsp;<\/p>\n\n\n\n<div style=\"height:51px\" aria-hidden=\"true\" class=\"wp-block-spacer\"><\/div>\n\n\n\n<p>Leer&nbsp;<em>P\u00e1jaro angustia<\/em>&nbsp;es atravesar un umbral. Es aceptar que toda novela aut\u00e9ntica es una ceremonia de resurrecci\u00f3n: la del pensamiento, la del deseo, la del propio lector. Y en ese renacimiento silencioso, Osvaldo Godoi se presenta como una de las voces m\u00e1s singulares y radicales de la narrativa chilena contempor\u00e1nea. Su libro no s\u00f3lo nos invita a leer, sino a&nbsp;recordar que la literatura sigue siendo el lugar donde los sue\u00f1os, las heridas y las palabras aprenden a navegar en los mares de las derrotas ganadoras.&nbsp;&nbsp;<\/p>\n\n\n\n<div style=\"height:51px\" aria-hidden=\"true\" class=\"wp-block-spacer\"><\/div>\n\n\n\n<figure class=\"w-richtext-figure-type-image w-richtext-align-fullwidth wp-block-image size-large\"><img loading=\"lazy\" decoding=\"async\" width=\"819\" height=\"1024\" src=\"https:\/\/razacomica.cl\/sitio\/wp-content\/uploads\/2026\/04\/pajaro-angustia-2-819x1024.png\" alt=\"\" class=\"wp-image-20245\"\/><\/figure>\n","protected":false},"excerpt":{"rendered":"<p>La novela\u00a0P\u00e1jaro angustia\u00a0se inscribe dentro de una tradici\u00f3n narrativa que problematiza el acto mismo de contar, articulando una reflexi\u00f3n literaria profunda sobre el conocimiento, la identidad y la creaci\u00f3n. A trav\u00e9s de una propuesta simb\u00f3lica y autorreferencial, el texto cruza la experiencia formativa de un escritor con los imaginarios m\u00edticos del norte chileno y las tensiones del pensamiento moderno. <\/p>\n","protected":false},"author":586,"featured_media":20243,"comment_status":"closed","ping_status":"closed","sticky":false,"template":"","format":"standard","meta":{"_acf_changed":false,"footnotes":""},"categories":[3897,16],"tags":[4439,4441,2547,4437,4438,757,4440],"taxonomy\/multi-autores":[],"taxonomy\/archivo-especiales":[],"class_list":["post-20080","post","type-post","status-publish","format-standard","has-post-thumbnail","hentry","category-carrusel","category-la-ciudad-letrada","tag-damir-galaz","tag-gata-sardina-editorial","tag-novela","tag-osvaldo-godoi","tag-pajaro-angustia","tag-resena","tag-tocopilla"],"acf":[],"_links":{"self":[{"href":"https:\/\/razacomica.cl\/sitio\/wp-json\/wp\/v2\/posts\/20080","targetHints":{"allow":["GET"]}}],"collection":[{"href":"https:\/\/razacomica.cl\/sitio\/wp-json\/wp\/v2\/posts"}],"about":[{"href":"https:\/\/razacomica.cl\/sitio\/wp-json\/wp\/v2\/types\/post"}],"author":[{"embeddable":true,"href":"https:\/\/razacomica.cl\/sitio\/wp-json\/wp\/v2\/users\/586"}],"replies":[{"embeddable":true,"href":"https:\/\/razacomica.cl\/sitio\/wp-json\/wp\/v2\/comments?post=20080"}],"version-history":[{"count":4,"href":"https:\/\/razacomica.cl\/sitio\/wp-json\/wp\/v2\/posts\/20080\/revisions"}],"predecessor-version":[{"id":20253,"href":"https:\/\/razacomica.cl\/sitio\/wp-json\/wp\/v2\/posts\/20080\/revisions\/20253"}],"wp:featuredmedia":[{"embeddable":true,"href":"https:\/\/razacomica.cl\/sitio\/wp-json\/wp\/v2\/media\/20243"}],"wp:attachment":[{"href":"https:\/\/razacomica.cl\/sitio\/wp-json\/wp\/v2\/media?parent=20080"}],"wp:term":[{"taxonomy":"category","embeddable":true,"href":"https:\/\/razacomica.cl\/sitio\/wp-json\/wp\/v2\/categories?post=20080"},{"taxonomy":"post_tag","embeddable":true,"href":"https:\/\/razacomica.cl\/sitio\/wp-json\/wp\/v2\/tags?post=20080"},{"taxonomy":"multi-autores","embeddable":true,"href":"https:\/\/razacomica.cl\/sitio\/wp-json\/wp\/v2\/taxonomy\/multi-autores?post=20080"},{"taxonomy":"archivo-especiales","embeddable":true,"href":"https:\/\/razacomica.cl\/sitio\/wp-json\/wp\/v2\/taxonomy\/archivo-especiales?post=20080"}],"curies":[{"name":"wp","href":"https:\/\/api.w.org\/{rel}","templated":true}]}}