{"id":20287,"date":"2026-04-26T23:32:55","date_gmt":"2026-04-26T23:32:55","guid":{"rendered":"https:\/\/razacomica.cl\/sitio\/?p=20287"},"modified":"2026-04-26T23:55:28","modified_gmt":"2026-04-26T23:55:28","slug":"nutram-conversacion-entre-moira-millan-y-yasnaya-elena-aguilar-gil","status":"publish","type":"post","link":"https:\/\/razacomica.cl\/sitio\/2026\/04\/26\/nutram-conversacion-entre-moira-millan-y-yasnaya-elena-aguilar-gil\/","title":{"rendered":"N\u00fctram: Conversaci\u00f3n entre Moira Mill\u00e1n y Y\u00e1snaya Elena Aguilar Gil"},"content":{"rendered":"\n<div style=\"height:10px\" aria-hidden=\"true\" class=\"wp-block-spacer\"><\/div>\n\n\n\n<p>La lamgen Mapuche y defensora territorial Moira Mill\u00e1n present\u00f3 su libro <em>\u00abTerricidio. Sabidur\u00eda ancestral para un mundo alternativo\u00bb<\/em> en la Facultad de Ciencias Pol\u00edticas y Sociales (FCPyS) de la UNAM. El encuentro, realizado en el Auditorio Ricardo Flores Mag\u00f3n, cont\u00f3 con la presentaci\u00f3n de los acad\u00e9micos Rodrigo Hern\u00e1ndez y M\u00e1rgara Mill\u00e1n, para luego dar paso a la conversaci\u00f3n entre Y\u00e1snaya Elena Aguilar Gil, quien es una destacada ling\u00fcista, escritora, traductora y defensora Mixe \u2013ayuujk\u2013 originaria de San Pedro y San Pablo Ayutla, Oaxaca.&nbsp;<\/p>\n\n\n\n<div style=\"height:10px\" aria-hidden=\"true\" class=\"wp-block-spacer\"><\/div>\n\n\n\n<p>Y\u00e1snaya Elena Aguilar Gil, es una de las voces m\u00e1s influyentes en la defensa de los derechos ling\u00fc\u00edsticos y la autonom\u00eda de los pueblos ind\u00edgenas en M\u00e9xico. A su vez, Moira Mill\u00e1n es fundadora y coordinadora del Movimiento de Mujeres y Diversidades Ind\u00edgenas por el Buen Vivir, que agrupa a 36 naciones originarias en Argentina. Ha liderado procesos de recuperaci\u00f3n de tierras frente a grandes corporaciones, como el Grupo Benetton. Desde hace 25 a\u00f1os inici\u00f3 el proceso de recuperaci\u00f3n del <em>lof<\/em> \u2013comunidad\u2013 \u201cPill\u00e1n Mahuiza\u201d, lo que ha permitido frenar proyectos de represas hidroel\u00e9ctricas que amenazaban el R\u00edo Corcovado.<\/p>\n\n\n\n<div style=\"height:10px\" aria-hidden=\"true\" class=\"wp-block-spacer\"><\/div>\n\n\n\n<p>El di\u00e1logo permiti\u00f3 abordar una serie de temas claves como la crisis ambiental y pol\u00edtica enfatizando la defensa territorial desde las comunidades. Compartimos a continuaci\u00f3n algunas reflexiones de ambas intelectuales y defensoras territoriales.&nbsp;<\/p>\n\n\n\n<div style=\"height:30px\" aria-hidden=\"true\" class=\"wp-block-spacer\"><\/div>\n\n\n\n<p><strong>Mujeres Ind\u00edgenas y Feminismos <\/strong><strong>&nbsp;<\/strong><\/p>\n\n\n\n<div style=\"height:30px\" aria-hidden=\"true\" class=\"wp-block-spacer\"><\/div>\n\n\n\n<p>Y\u00e1snaya Elena Aguilar Gil, comenz\u00f3 agradeciendo la posibilidad de conversar, como un valor en s\u00ed, en medio de un mundo complejo, ca\u00f3tico&nbsp; que muchas veces hace dificil la posibilidad de procesar tanta informaci\u00f3n: guerras, fascimos, crisis ambientales, genocidios bombardeos.&nbsp; Pero el plantear la mirada desde un posicionamiento de pueblos en resistencia permite dar una reflexi\u00f3n de mayor alcance, \u201ccreo que necesitamos defender la conversaci\u00f3n, defender la pl\u00e1tica tranquila, y creo que nuestros pueblos, tanto el pueblo Mapuche como el pueblo Mixe, venimos de una tradici\u00f3n de mucha conversaci\u00f3n, de tradici\u00f3n oral, de tambi\u00e9n procesos que se sustraen a la urgencia. Nuestros poros siempre han estado, claro, por lo menos hace quinientos a\u00f1os, en una gran emergencia\u201d. Por lo tanto el <em>nvtram<\/em> \u2013conversar,&nbsp; en lengua Mapuche\u2013 es tambi\u00e9n una estrategia de resistencia y de posicionamiento.&nbsp;<\/p>\n\n\n\n<div style=\"height:10px\" aria-hidden=\"true\" class=\"wp-block-spacer\"><\/div>\n\n\n\n<p>Para entrar en temas de coyuntura,&nbsp; la linguista Mixe quer\u00eda conocer la visi\u00f3n de Moira Mill\u00e1n con respecto a los feminismo, una relaci\u00f3n que plante\u00f3 compleja, \u201cla compleja relaci\u00f3n que establecemos las mujeres ind\u00edgenas con el movimiento feminista, sobre todo con el movimiento feminista occidental\u201d.&nbsp; Moira Mill\u00e1n, parti\u00f3 por reconocer el valor de estas luchas feministas, que han permitido incluso en su comunidad abrir una puerta para \u201cque ese dolor saliera y cobrar a vos\u201d. En ese sentido el rol de millones de mujeres movilizadas ha sido fundamental. Sin embargo, explic\u00f3 que es importante reconocer y tomar distancia del proceso de homogeneizaci\u00f3n, \u201cY ah\u00ed me encontraba con este, el tustenaje de la blanquitud sobre nuestra voz. \u00bfVieron esa frase desafortunada? \u2018Dar voz a quien no tiene voz\u2019, que es un latiguillo que se repite, y a m\u00ed me parece una aberraci\u00f3n, porque todos tenemos voces. Lo que no tenemos son los o\u00eddos preparados para ser audibles esas voces\u201d.&nbsp;<\/p>\n\n\n\n<div style=\"height:10px\" aria-hidden=\"true\" class=\"wp-block-spacer\"><\/div>\n\n\n\n<p>As\u00ed tambi\u00e9n ampli\u00f3 la cr\u00edtica a las cateogrizaciones academicistas, que buscan encuadrar las luchas de mujeres y sus comunidades en categor\u00edas que les son ajenas, \u201cEsos feminismos empezaron a tutelar las voces de las mujeres ind\u00edgenas. Se empez\u00f3 a hablar del feminismo comunitario, del feminismo de <em>Abya Yala<\/em>. Dentro del feminismo comunitario de <em>Abya Yala <\/em>entr\u00e1bamos nosotras. Nunca nos preguntaron si est\u00e1bamos de acuerdo con la nomenclatura <em>\u2018Abya Yala\u2019<\/em> para todo el continente, otra vez la homogeneizaci\u00f3n\u201d. Es por ello que una de las formas de avanzar en procesos aut\u00f3nomos fue la creaci\u00f3n del Movimiento de Mujeres y Diversidades Ind\u00edgenas por el Buen Vivir, que articula a mujeres de 36 pueblos como el Mapuche, Qom, Wich\u00ed, Moqoit, Kolla, Guaran\u00ed, entre otros. Se organiza de forma plurinacional y horizontal, adem\u00e1s de ser inclusivo con las identidades de g\u00e9nero no binarias y disidencias sexuales dentro de las comunidades.<\/p>\n\n\n\n<div style=\"height:10px\" aria-hidden=\"true\" class=\"wp-block-spacer\"><\/div>\n\n\n\n<p>El planteamiento estrat\u00e9gico de parte de Moira Mill\u00e1n, es que el \u201cfeminismo blanco\u201d debe generar un proceso de apertura y escucha de vuelta, en reciprocidad, \u201cel feminismo blanco tiene, para poder ganar una lucha antipatriarcal y volver, realmente, una alianza estrat\u00e9gica con todas las que estamos luchando contra esta colonialidad, debe abrirse, debe permearse a recibir todos estos andares ancestrales de nuestra lucha, y tambi\u00e9n nuestra perspectiva, nuestra caracterizaci\u00f3n del presente, que es de nuestra cosmovisi\u00f3n\u201d.<\/p>\n\n\n\n<div style=\"height:30px\" aria-hidden=\"true\" class=\"wp-block-spacer\"><\/div>\n\n\n\n<p><strong>La lucha por el territorio y la lucha antipatriarcal<\/strong><strong>&nbsp;&nbsp;<\/strong><\/p>\n\n\n\n<div style=\"height:30px\" aria-hidden=\"true\" class=\"wp-block-spacer\"><\/div>\n\n\n<div class=\"wp-block-image\">\n<figure class=\"w-richtext-figure-type-image w-richtext-align-fullwidth aligncenter size-large\"><img loading=\"lazy\" decoding=\"async\" width=\"720\" height=\"1024\" src=\"https:\/\/razacomica.cl\/sitio\/wp-content\/uploads\/2026\/04\/terricidio3-720x1024.png\" alt=\"\" class=\"wp-image-20294\"\/><figcaption class=\"wp-element-caption\">Terricidio: Sabidur\u00eda ancestral para un mundo alterNATIVO<br>Bajo Tierra Ediciones, a\u00f1o 2025.<\/figcaption><\/figure><\/div>\n\n\n<div style=\"height:30px\" aria-hidden=\"true\" class=\"wp-block-spacer\"><\/div>\n\n\n\n<p>Esta reflexi\u00f3n permiti\u00f3 abrir la conversaci\u00f3n en torno a entender que las luchas son articulaciones complejas y que no se encuentran segmentadas como se plantea de la racionalidad occidental, \u201cCreo que hay un olvido ah\u00ed, y es muy interesante c\u00f3mo el feminismo blanco m\u00e1s occidental, est\u00e1 utilizando un mecanismo muy patriarcal, que es la parcializaci\u00f3n y hiperespecializaci\u00f3n del conocimiento y de la manera de pensar\u201d coment\u00f3 Y\u00e1snaya Elena Aguilar Gil, a lo que agreg\u00f3, \u201cMuchas compa\u00f1eras de muchos pueblos ind\u00edgenas tienen una conciencia m\u00e1s clara de que eso no se puede desacoplar, y que, por lo tanto, la lucha anti patriarcal tambi\u00e9n es una lucha por la tierra, y tambi\u00e9n es una lucha en contra la l\u00f3gica de los estados (\u2026) pensaba mucho en la compa\u00f1era Aura Cumes \u2013del pueblo Maya Kaqchikel\u2013 que dec\u00eda que la posici\u00f3n de las mujeres ind\u00edgenas en los sistemas de opresi\u00f3n, nos permite verlo de manera m\u00e1s clara\u201d.&nbsp;<\/p>\n\n\n\n<div style=\"height:10px\" aria-hidden=\"true\" class=\"wp-block-spacer\"><\/div>\n\n\n\n<p>Reflexi\u00f3n que fue compartida por Moira Mill\u00e1n, quien adem\u00e1s relev\u00f3 el significado y la centralidad del Territorio,&nbsp; \u201cTodos los pueblos ind\u00edgenas tenemos esta conciencia de que el territorio es sagrado, mientras que la cultura dominante, lo sagrado es el capital, lo privado no se toca. Cuando nosotros volvemos al territorio, cuando recuperamos territorio, lo recuperamos para crear un orden de vida dentro de ese territorio (&#8230;) \u00bfY qu\u00e9 entendemos nosotros por restablecer la armon\u00eda? Es volver a procurar construir una sociedad donde el orden c\u00f3smico sea respetado, y respetar el orden c\u00f3smico es respetar la vida y todas las vidas\u201d.<\/p>\n\n\n\n<div style=\"height:10px\" aria-hidden=\"true\" class=\"wp-block-spacer\"><\/div>\n\n\n\n<p>A lo que agreg\u00f3 que este planteamiento requiere una relaci\u00f3n horizontal con todo el entorno, \u201cAh\u00ed todas las fuerzas existentes cobran el valor fundamental, y mi vida est\u00e1 vinculada a tu vida y a la vida de los bosques, a la vida de los lagos, a la vida de la monta\u00f1a. Entonces, ah\u00ed no tiene sentido la fragmentaci\u00f3n, porque somos una unidad. Cuando las mujeres ind\u00edgenas hablamos de cuerpo territorio, es literal, somos cuerpo y territorio. A trav\u00e9s nuestro habla la selva, habla la monta\u00f1a, hablan los r\u00edos, un pedacito de ese esp\u00edritu entra en nuestro ser, en nuestro cuerpo\u201d.&nbsp;<\/p>\n\n\n\n<div style=\"height:10px\" aria-hidden=\"true\" class=\"wp-block-spacer\"><\/div>\n\n\n\n<p>La defensa del R\u00edo Corcovado (llamado ancestralmente Carrenleuf\u00fa) ha sido una de las luchas centrales del Lof Pill\u00e1n Mahuiza y la comunidad de Corcovado desde hace m\u00e1s de 20 a\u00f1os. Su objetivo principal ha sido frenar el Proyecto Hidroel\u00e9ctrico La Elena, un megaproyecto que contemplaba la construcci\u00f3n de varias represas que inundar\u00edan miles de hect\u00e1reas de bosque nativo y tierras habitadas por comunidades, \u201cYo tomo agua ese r\u00edo, y cuando tomo agua ese r\u00edo, tomo informaci\u00f3n milenaria. Me habita ese r\u00edo tambi\u00e9n. Y como los frutos, los hongos, los frutos de mi territorio, que tienen informaci\u00f3n milenaria, porque no son transg\u00e9nicos. Entonces, esa semilla, con memoria, tambi\u00e9n me habita. Entonces, todo se vincula. No podr\u00edamos estar luchando contra la violencia machista, contra el patriarcado, sin luchar contra el capitalismo destructor, sin luchar contra el colonialismo. Por eso me parece a m\u00ed que es estrat\u00e9gico para este sistema opresor permitir que una voz y un posicionamiento del sector del feminismo se expanda\u201d, se\u00f1al\u00f3 Moira Mill\u00e1n.&nbsp;&nbsp;<\/p>\n\n\n\n<div style=\"height:30px\" aria-hidden=\"true\" class=\"wp-block-spacer\"><\/div>\n\n\n\n<p><strong>Territorio, propiedad privada y buen vivir&nbsp;<\/strong><\/p>\n\n\n\n<div style=\"height:30px\" aria-hidden=\"true\" class=\"wp-block-spacer\"><\/div>\n\n\n\n<p>Y\u00e1snaya Elena Aguilar Gil, explic\u00f3 que tanto el dinero como la propiedad privada, han sido dos herramientas que utiliza el capital para la usurpaci\u00f3n territorial. Seg\u00fan la defensora territorial, esto ha configurado una suerte de \u201cpensamiento m\u00e1gico capitalista\u201d, que convierte a las diferentes formas de vida en mercanc\u00eda privatizable y transaccionable en el mercado, <strong>\u201c<\/strong>La propiedad privada es en realidad, un robo de lo colectivo (&#8230;) hay una transformaci\u00f3n constante de lo com\u00fan, una traducci\u00f3n constante de lo com\u00fan a propiedad privada, y, por lo tanto, explotable. Y esa es la crisis que ahorita se manifiesta en de muchas maneras, como el genocidio en Gaza naturalizado sin la m\u00e1scara de ninguna ley internacional, puedes bombardear escuelas con ni\u00f1as ah\u00ed. Entonces, esa crisis est\u00e1 haciendo la traducci\u00f3n constante de la tierra a propiedad privada. Eso es lo que est\u00e1 detr\u00e1s de este \u2018terricidio\u2019. A su vez, se proponen muchas respuestas desde los pueblos. Una de ellas es el Buen Vivir\u201d.<\/p>\n\n\n\n<div style=\"height:30px\" aria-hidden=\"true\" class=\"wp-block-spacer\"><\/div>\n\n\n\n<figure class=\"wp-block-embed aligncenter is-type-video is-provider-youtube wp-block-embed-youtube wp-embed-aspect-16-9 wp-has-aspect-ratio\"><div class=\"wp-block-embed__wrapper\">\n<iframe loading=\"lazy\" title=\"Conferencia magistral de la intelectual mapuche Moira Mill\u00e1n.\" width=\"500\" height=\"281\" src=\"https:\/\/www.youtube.com\/embed\/15pzeMjGlF8?feature=oembed\" frameborder=\"0\" allow=\"accelerometer; autoplay; clipboard-write; encrypted-media; gyroscope; picture-in-picture; web-share\" referrerpolicy=\"strict-origin-when-cross-origin\" allowfullscreen><\/iframe>\n<\/div><figcaption class=\"wp-element-caption\">N\u00fctram: Conversaci\u00f3n entre Moira Mill\u00e1n y Y\u00e1snaya Elena Aguilar Gil<\/figcaption><\/figure>\n\n\n\n<div style=\"height:30px\" aria-hidden=\"true\" class=\"wp-block-spacer\"><\/div>\n\n\n\n<p>Moira Mill\u00e1n explic\u00f3 que desde la perspectiva Mapuche existe el concepto <em>Ngerpun, <\/em>que en sus palabras tradujo como \u201catravesar la noche\u201d, entendido como paradigma que es un desaf\u00edo de \u00e9poca, \u201cAunque pareciera que es una noche oscura, en el mundo Mapuche hay una palabra que se llama <em>Ngerpun<\/em> que es atravesar la noche, y que nos dicen, siempre vamos a tener <em>Ngerpun<\/em>, siempre vamos a tener que atravesar la noche para tener empat\u00eda, para poder sentir el dolor ajeno, pero hay que atravesar la noche, no quedarse en la noche\u201d.&nbsp;<\/p>\n\n\n\n<div style=\"height:10px\" aria-hidden=\"true\" class=\"wp-block-spacer\"><\/div>\n\n\n\n<p>Es desde esa perspectiva es que la pr\u00e1ctica del Buen Vivir, es fundamental para atravesar esa noche, como dir\u00eda el Ej\u00e9rcito Zapatista de Liberaci\u00f3n Nacional, \u201cla larga noche de los 500 a\u00f1os\u201d. Sin embargo parte de los desaf\u00edos que hay que transitar son las cooptaciones institucionales y academicistas, \u201cTenemos que construir el el Buen Vivir ahora, no esperar que un gobierno venga a instalarlo (&#8230;) Yo vivo en un territorio recuperado, en una comunidad, en un <em>lof <\/em>\u2013comunidad\u2013 Mapuche, donde estamos viviendo de manera aut\u00f3noma y tratando de crear el Buen Vivir. Lo defendemos porque ya descubrimos lo que es vivir en libertad, lo que es amanecer con el <em>lewfu<\/em>, con el r\u00edo, ir al bosque, encontrar medicina en el bosque, encontrar nuestro <em>law\u00e9n \u2013<\/em>medicina<em>\u2013<\/em>. Empezamos a ver que nos podemos sanar, que nos podemos alimentar, que nos podemos fortalecer\u201d expres\u00f3 Moira Mill\u00e1n, quien adem\u00e1s agreg\u00f3 que el desaf\u00edo es desarrollar esta perspectiva tanto en territorios rurales como urbanos, que&nbsp; pueda existir la potencia de recuperar la enso\u00f1aci\u00f3n y el deseo de libertad, \u201cUn d\u00eda, en mi imaginaci\u00f3n m\u00e1s novelesca, me imagino a esos pueblos tel\u00faricos, habiendo creado ese mundo alternativo maravilloso. Y estos pueblos domesticados reci\u00e9n ah\u00ed, van a despertar y van a entender que los que caminamos contra toda adversidad, pero con todo el coraje necesario, ten\u00edamos la raz\u00f3n, m\u00e1s que la raz\u00f3n, ten\u00edamos el instinto certero de que un mundo nuevo y mejor era posible\u201d, coment\u00f3.<\/p>\n\n\n\n<div style=\"height:10px\" aria-hidden=\"true\" class=\"wp-block-spacer\"><\/div>\n\n\n\n<p>De manera complementaria, Y\u00e1snaya Elena Aguilar Gil, se\u00f1al\u00f3 que su experiencia ling\u00fc\u00edstica y pol\u00edtica de conversaciones con mujeres de diferentes pueblos ha sido marcado por una constante que son los conceptos de \u201cequilibrio\u201d y \u201creciprocidad\u201d, explic\u00f3, \u201cRegresando a mi propia lengua, el buen vivir etimol\u00f3gicamente, tiene que ver con una noci\u00f3n de equilibrio, es decir, con tener las entra\u00f1as en equilibrio. Literalmente, dice eso. Alguien que tiene sus entra\u00f1as en equilibrio, o&nbsp; mundo o la comunidad no tiene sus entra\u00f1as ni de un lado ni de otro, sino justo en el centro. Est\u00e1 bien en salud mental, est\u00e1 bien en muchos sentidos. Despu\u00e9s, hablando con las compa\u00f1eras Sami, su definici\u00f3n tambi\u00e9n ten\u00eda que ver con equilibrio\u201d.<\/p>\n\n\n\n<div style=\"height:10px\" aria-hidden=\"true\" class=\"wp-block-spacer\"><\/div>\n\n\n\n<p>Noci\u00f3n que se contrapone al paradigma capitalista de desarrollo y progreso inacabado e ilimitado, \u201cEntonces, pensar c\u00f3mo esto de tener el producto interno bruto siempre creciendo, siempre creciendo, siempre alej\u00e1ndose, es totalmente incompatible con la noci\u00f3n de equilibrio. Y pregunt\u00e9 a otras compa\u00f1eras Maya c\u00f3mo se dice en su lengua y cu\u00e1l era la etimolog\u00eda de la palabra. De las quince lenguas \u2013en donde ya investig\u00f3\u2013 catorce tienen en el centro la palabra equilibrio\u201d. Agrega Y\u00e1snaya Elena Aguilar Gil,&nbsp; que la b\u00fasqueda de equilibrio incluso es contraria a las propuestas progresistas de las izquierdas, que buscan reconvertirse al interior del modelo, \u201cme alarma mucho, incluso, en las izquierdas latinoamericanas, las izquierdas del mundo, hay algo que no se puede renunciar y es la idea de desarrollo. Si t\u00fa haces una campa\u00f1a pol\u00edtica criticando el desarrollo, vas a tener un problema. Entonces, todas estas nociones del buen vivir ponen en crisis una idea fundamental de lo que occidente y, sobre todo, estos sistemas de opresi\u00f3n creen que es el buen vivir, que creen que es equivalente a desarrollo\u201d.&nbsp;<\/p>\n\n\n\n<div style=\"height:10px\" aria-hidden=\"true\" class=\"wp-block-spacer\"><\/div>\n\n\n\n<p>Moira Mill\u00e1n cerr\u00f3 esta parte de la conversaci\u00f3n reconociendo la importancia de los aportes y precisiones se\u00f1alados por Y\u00e1snaya Elena Aguilar Gil e invit\u00f3 a plantear el problema de la relaci\u00f3n entre econom\u00eda y espiritualidad, \u201cPor eso digo que esta lucha es espiritual, es fundamentalmente espiritual. Y la construcci\u00f3n de la estrategia pol\u00edtica, la construcci\u00f3n de la estrategia autodefensiva, la construcci\u00f3n de la estrategia econ\u00f3mica, todo parte desde esto que propone nuestra hermana Y\u00e1snaya (&#8230;) Por eso el desarrollo es contradictorio a nuestra l\u00f3gica. Restablecer la armon\u00eda es volver a habitar en esa centralidad, y la centralidad es la vida. Ojal\u00e1 pudi\u00e9ramos discutir econom\u00eda y espiritualidad, ese es un trabajo, te desaf\u00edo que lo hagamos juntas. Pens\u00e9moslo c\u00f3mo ser\u00eda\u201d.<\/p>\n\n\n\n<div style=\"height:10px\" aria-hidden=\"true\" class=\"wp-block-spacer\"><\/div>\n","protected":false},"excerpt":{"rendered":"<p>\u201cUn d\u00eda, en mi imaginaci\u00f3n m\u00e1s novelesca, me imagino a esos pueblos tel\u00faricos, habiendo creado ese mundo alternativo maravilloso. Y estos pueblos domesticados reci\u00e9n ah\u00ed, van a despertar y van a entender que los que caminamos contra toda adversidad, pero con todo el coraje necesario, ten\u00edamos la raz\u00f3n, m\u00e1s que la raz\u00f3n, ten\u00edamos el instinto certero de que un mundo nuevo y mejor era posible\u201d<\/p>\n","protected":false},"author":206,"featured_media":20288,"comment_status":"closed","ping_status":"closed","sticky":false,"template":"","format":"standard","meta":{"_acf_changed":false,"footnotes":""},"categories":[3897,23,20],"tags":[4456,3078,4454,3998,4453,4452,4455,4103],"taxonomy\/multi-autores":[],"taxonomy\/archivo-especiales":[3810],"class_list":["post-20287","post","type-post","status-publish","format-standard","has-post-thumbnail","hentry","category-carrusel","category-civilizacion-y-barbarie","category-yo-la-peor-de-todas","tag-bajo-tierra-ediciones","tag-buen-vivir","tag-cuerpo-territorio","tag-erick-valenzuela-bello","tag-moira-millan","tag-nutram-2","tag-terricidio","tag-yasnaya-elena-a-gil","archivo-especiales-escritura-por-mujeres"],"acf":[],"_links":{"self":[{"href":"https:\/\/razacomica.cl\/sitio\/wp-json\/wp\/v2\/posts\/20287","targetHints":{"allow":["GET"]}}],"collection":[{"href":"https:\/\/razacomica.cl\/sitio\/wp-json\/wp\/v2\/posts"}],"about":[{"href":"https:\/\/razacomica.cl\/sitio\/wp-json\/wp\/v2\/types\/post"}],"author":[{"embeddable":true,"href":"https:\/\/razacomica.cl\/sitio\/wp-json\/wp\/v2\/users\/206"}],"replies":[{"embeddable":true,"href":"https:\/\/razacomica.cl\/sitio\/wp-json\/wp\/v2\/comments?post=20287"}],"version-history":[{"count":6,"href":"https:\/\/razacomica.cl\/sitio\/wp-json\/wp\/v2\/posts\/20287\/revisions"}],"predecessor-version":[{"id":20300,"href":"https:\/\/razacomica.cl\/sitio\/wp-json\/wp\/v2\/posts\/20287\/revisions\/20300"}],"wp:featuredmedia":[{"embeddable":true,"href":"https:\/\/razacomica.cl\/sitio\/wp-json\/wp\/v2\/media\/20288"}],"wp:attachment":[{"href":"https:\/\/razacomica.cl\/sitio\/wp-json\/wp\/v2\/media?parent=20287"}],"wp:term":[{"taxonomy":"category","embeddable":true,"href":"https:\/\/razacomica.cl\/sitio\/wp-json\/wp\/v2\/categories?post=20287"},{"taxonomy":"post_tag","embeddable":true,"href":"https:\/\/razacomica.cl\/sitio\/wp-json\/wp\/v2\/tags?post=20287"},{"taxonomy":"multi-autores","embeddable":true,"href":"https:\/\/razacomica.cl\/sitio\/wp-json\/wp\/v2\/taxonomy\/multi-autores?post=20287"},{"taxonomy":"archivo-especiales","embeddable":true,"href":"https:\/\/razacomica.cl\/sitio\/wp-json\/wp\/v2\/taxonomy\/archivo-especiales?post=20287"}],"curies":[{"name":"wp","href":"https:\/\/api.w.org\/{rel}","templated":true}]}}