{"id":21579,"date":"2026-08-30T16:15:41","date_gmt":"2026-08-30T16:15:41","guid":{"rendered":"https:\/\/razacomica.cl\/sitio\/?p=21579"},"modified":"2026-08-30T16:17:37","modified_gmt":"2026-08-30T16:17:37","slug":"roma-vaquero-diaz-en-cada-lugar-adonde-voy-con-este-libro-espero-relacionarme-con-las-personas-y-el-territorio","status":"publish","type":"post","link":"https:\/\/razacomica.cl\/sitio\/2026\/08\/30\/roma-vaquero-diaz-en-cada-lugar-adonde-voy-con-este-libro-espero-relacionarme-con-las-personas-y-el-territorio\/","title":{"rendered":"Roma Vaquero D\u00edaz: \u201cEn cada lugar adonde voy con este libro espero relacionarme con las personas y el territorio\u201d"},"content":{"rendered":"\n<div style=\"height:100px\" aria-hidden=\"true\" class=\"wp-block-spacer\"><\/div>\n\n\n\n<p class=\"has-text-align-right\"><em>La muestra <\/em>Siempre fui un peque\u00f1o monstruo<em> se presenta en Espacio La Cochera de Barrio Yungay hasta el 12 de septiembre. En ella, la artista expande hacia el espacio expositivo la investigaci\u00f3n desarrollada por la artista en su novela Archivo para recuperarme. En esta oportunidad, encontr\u00f3 v\u00ednculos de la historia m\u00e9dico psiqui\u00e1trica del pa\u00eds con este lugar de la capital.<\/em><\/p>\n\n\n\n<div style=\"height:100px\" aria-hidden=\"true\" class=\"wp-block-spacer\"><\/div>\n\n\n\n<p><strong>A trav\u00e9s de textiles, fotograf\u00edas, archivos intervenidos y videoperformance, la muestra surge a partir de la novela de la artista <em><a href=\"https:\/\/romavaquerodiaz.com\/publicaciones\/archivo-para-recuperarme\/\">Archivo para recuperarme<\/a><\/em>, publicada en 2025 por La Balsa Editora y presentada por primera vez en Chile en esta ocasi\u00f3n.<\/strong><strong><\/strong><\/p>\n\n\n\n<div style=\"height:45px\" aria-hidden=\"true\" class=\"wp-block-spacer\"><\/div>\n\n\n\n<p><strong>Vaquero define <em>Archivo para recuperarme<\/em> como una <em>novela perform\u00e1tica<\/em>, un trabajo que puede leerse desde distintas capas: como una historia cl\u00ednica, como un relato autoficcional o a partir de los imaginarios visuales que contiene.<\/strong><\/p>\n\n\n\n<div style=\"height:45px\" aria-hidden=\"true\" class=\"wp-block-spacer\"><\/div>\n\n\n\n<p>Al comienzo de la novela, la autora presenta un \u201cinventario de archivos\u201d que re\u00fane distintos elementos de la obra, entre ellos: \u201cla foto de mi DNI de los seis a\u00f1os &#8211; fotos familiares de lugares que nunca conoc\u00ed &#8211; fotos de La Salp\u00eatri\u00e8re y fantasmas del Dr. Charcot &#8211; hu\u00e9rfanas y alienadas &#8211; la culpa, la ternura y la escritura &#8211; el cuerpo y la fotograf\u00eda\u201d.<\/p>\n\n\n\n<div style=\"height:45px\" aria-hidden=\"true\" class=\"wp-block-spacer\"><\/div>\n\n\n\n<p><strong>En la novela aparecen fragmentos de relatos, mujeres, o quiz\u00e1s ni\u00f1as, encerradas en un hospital, interactuando y cuid\u00e1ndose entre s\u00ed. Nada est\u00e1 tan claro.<\/strong><strong> <\/strong>Entre los textos aparecen autorretratos fotogr\u00e1ficos de la artista, im\u00e1genes intervenidas, radiograf\u00edas y dibujos. A medida que se avanza en la obra, se despliega una historia fragmentada.<\/p>\n\n\n\n<div style=\"height:45px\" aria-hidden=\"true\" class=\"wp-block-spacer\"><\/div>\n\n\n\n<p>\u201cPor un lado, el libro trabaja con esta idea de novela perform\u00e1tica, donde no todo est\u00e1 cerrado ni tiene una respuesta \u00fanica, sino que <strong>precisamente trabaja con la falta, con el vac\u00edo<\/strong>. Esto permite que cada persona que lea el libro pueda completar, armar o resolver la historia de la novela y, al mismo tiempo, me da la posibilidad de que se expanda\u201d, comenta la artista.<\/p>\n\n\n\n<div style=\"height:45px\" aria-hidden=\"true\" class=\"wp-block-spacer\"><\/div>\n\n\n\n<p><strong>En la exposici\u00f3n, algunos de los elementos y archivos presentes en el libro se transforman en piezas textiles intervenidas con bordado, im\u00e1genes y nuevas formas de presencia.<\/strong><\/p>\n\n\n\n<div style=\"height:45px\" aria-hidden=\"true\" class=\"wp-block-spacer\"><\/div>\n\n\n\n<p>\u201cEsta es la primera exposici\u00f3n donde voy a compartir piezas que surgen a partir del material del libro. De hecho, el t\u00edtulo <em>Siempre fui un peque\u00f1o monstruo<\/em> es una frase que dice la protagonista en el libro\u201d, comenta Vaquero.<\/p>\n\n\n\n<div style=\"height:45px\" aria-hidden=\"true\" class=\"wp-block-spacer\"><\/div>\n\n\n\n<p>Ambos trabajos, muestra y la publicaci\u00f3n, proponen un archivo vivo que indaga en las formas de narrar, preservar y reconfigurar la memoria desde el cuerpo, el gesto y la imagen.<\/p>\n\n\n\n<div style=\"height:102px\" aria-hidden=\"true\" class=\"wp-block-spacer\"><\/div>\n\n\n\n<figure class=\"w-richtext-figure-type-image w-richtext-align-fullwidth wp-block-image size-large\"><img loading=\"lazy\" decoding=\"async\" width=\"1024\" height=\"685\" src=\"https:\/\/razacomica.cl\/sitio\/wp-content\/uploads\/2026\/08\/Inauguracion_AlejandraHernandez_3-1024x685.png\" alt=\"Registro de la inauguraci\u00f3n de Siempre fui un peque\u00f1o monstruo de Roma Vaquero D\u00edaz en Espacio La Cochera (2026) \u2013 Fotograf\u00eda de Alejandra Hern\u00e1ndez\" class=\"wp-image-21572\"\/><figcaption class=\"wp-element-caption\">Registro de la inauguraci\u00f3n de Siempre fui un peque\u00f1o monstruo de Roma Vaquero D\u00edaz en Espacio La Cochera (2026) \u2013 Fotograf\u00eda de Alejandra Hern\u00e1ndez<\/figcaption><\/figure>\n\n\n\n<div style=\"height:100px\" aria-hidden=\"true\" class=\"wp-block-spacer\"><\/div>\n\n\n\n<p class=\"has-large-font-size\"><strong>El cuerpo como archivo<\/strong><\/p>\n\n\n\n<div style=\"height:74px\" aria-hidden=\"true\" class=\"wp-block-spacer\"><\/div>\n\n\n\n<p><strong>Una parte importante de la investigaci\u00f3n de Vaquero se relaciona con el Hospital de La Salp\u00eatri\u00e8re, en Par\u00eds, y con el trabajo del neur\u00f3logo Jean-Martin Charcot. Durante el siglo XIX, La Salp\u00eatri\u00e8re fue una instituci\u00f3n destinada principalmente a mujeres pobres, ancianas y personas socialmente marginadas. All\u00ed, Charcot desarroll\u00f3 investigaciones sobre enfermedades neurol\u00f3gicas y, especialmente, sobre la histeria.<\/strong><\/p>\n\n\n\n<div style=\"height:45px\" aria-hidden=\"true\" class=\"wp-block-spacer\"><\/div>\n\n\n\n<p>La observaci\u00f3n y representaci\u00f3n del cuerpo ocuparon un lugar central en los m\u00e9todos del m\u00e9dico. En La Salp\u00eatri\u00e8re se desarroll\u00f3 un trabajo sistem\u00e1tico de fotograf\u00eda cl\u00ednica que registraba posturas, gestos y manifestaciones corporales de las pacientes. Las im\u00e1genes fueron publicadas en el libro <em>Iconographie photographique de la Salp\u00eatri\u00e8re<\/em>, convirtiendo el cuerpo fotografiado en una herramienta para observar, clasificar y representar la enfermedad.<\/p>\n\n\n\n<div style=\"height:45px\" aria-hidden=\"true\" class=\"wp-block-spacer\"><\/div>\n\n\n\n<p><strong>\u201c\u00c9l cre\u00eda que mirando la corporalidad de sus pacientes pod\u00eda diagnosticarlos, por lo que necesitaba registrar esos movimientos. Ese tipo de fotograf\u00eda tiene mucho en com\u00fan con la fotograf\u00eda judicial. Despu\u00e9s, esas formas pasan al arte contempor\u00e1neo y a la foto-performance\u201d, explica la artista.<\/strong><\/p>\n\n\n\n<div style=\"height:45px\" aria-hidden=\"true\" class=\"wp-block-spacer\"><\/div>\n\n\n\n<p><strong>Vaquero utiliza estas im\u00e1genes como base para retomar y reinterpretar las posturas corporales registradas por Charcot, traslad\u00e1ndolas a su propio trabajo y abriendo nuevas posibilidades de lectura sobre las mujeres fotografiadas.<\/strong> <strong>Si para Charcot la fotograf\u00eda permit\u00eda fijar un cuerpo para observarlo y clasificarlo, en el trabajo de Vaquero la imagen permite pensar aquello que ocurre antes y despu\u00e9s de ese instante y preguntarse qui\u00e9nes eran las mujeres fotografiadas.<\/strong><strong> <\/strong>As\u00ed, deja de funcionar \u00fanicamente como evidencia y puede convertirse en una herramienta para reconstruir y reimaginar esas historias.<\/p>\n\n\n\n<div style=\"height:100px\" aria-hidden=\"true\" class=\"wp-block-spacer\"><\/div>\n\n\n\n<figure class=\"w-richtext-figure-type-image w-richtext-align-fullwidth wp-block-image size-large\"><img loading=\"lazy\" decoding=\"async\" width=\"683\" height=\"1024\" src=\"https:\/\/razacomica.cl\/sitio\/wp-content\/uploads\/2026\/08\/Obra_Roma_Vaquero_Diaz_02-683x1024.jpg\" alt=\"Libro Archivo para recuperarme de Roma Vaquero D\u00edaz, 2025.\" class=\"wp-image-21574\"\/><figcaption class=\"wp-element-caption\">Libro Archivo para recuperarme de Roma Vaquero D\u00edaz, 2025.<\/figcaption><\/figure>\n\n\n\n<div style=\"height:100px\" aria-hidden=\"true\" class=\"wp-block-spacer\"><\/div>\n\n\n\n<p class=\"has-large-font-size\"><strong>La obra en el territorio<\/strong><\/p>\n\n\n\n<div style=\"height:83px\" aria-hidden=\"true\" class=\"wp-block-spacer\"><\/div>\n\n\n\n<p>En el contexto de la exposici\u00f3n, Vaquero realizar\u00e1 en Barrio Yungay la performance <em>Ocupar la calle es habitar el mundo<\/em>, una acci\u00f3n participativa que propone recorrer el territorio como un cuerpo com\u00fan. Para la artista, estas experiencias permiten que la obra circule y se construya colectivamente.<\/p>\n\n\n\n<div style=\"height:45px\" aria-hidden=\"true\" class=\"wp-block-spacer\"><\/div>\n\n\n\n<p><strong>La relaci\u00f3n con el territorio es especialmente significativa para Vaquero. Durante su investigaci\u00f3n para las actividades en Santiago, encontr\u00f3 v\u00ednculos entre la historia de las instituciones psiqui\u00e1tricas y el propio Barrio Yungay. En 1852 se fund\u00f3 el primer Instituto Psiqui\u00e1trico de Chile, llamado entonces \u201cCasa de Orates de Nuestra Se\u00f1ora de Los \u00c1ngeles\u201d, cuya ubicaci\u00f3n inicial estuvo en el Barrio Yungay. Seis a\u00f1os despu\u00e9s, el instituto fue trasladado a la calle Olivos, en Recoleta, donde actualmente se encuentra el Instituto Psiqui\u00e1trico Dr. Jos\u00e9 Horwitz Barak.<\/strong><\/p>\n\n\n\n<div style=\"height:45px\" aria-hidden=\"true\" class=\"wp-block-spacer\"><\/div>\n\n\n\n<p>\u201cMe interesa que en cada lugar adonde voy el libro me permita relacionarme a partir de lo que trae cada una de las personas que est\u00e1n presentes en la presentaci\u00f3n y tambi\u00e9n con el territorio en donde se realiza la presentaci\u00f3n\u201d, plantea la artista.<\/p>\n\n\n\n<div style=\"height:45px\" aria-hidden=\"true\" class=\"wp-block-spacer\"><\/div>\n\n\n\n<p>Como define Vaquero, <em>Archivo para recuperarme<\/em> es una novela perform\u00e1tica que se expande en cada territorio donde se comparte y vuelve a archivar capas de historias, cuerpos e im\u00e1genes. <strong>En su paso por Espacio La Cochera, la obra incorpora nuevas referencias vinculadas al territorio de Barrio Yungay y a quienes visitan la muestra. As\u00ed, el archivo contin\u00faa transform\u00e1ndose a trav\u00e9s de los lugares y las historias que encuentra en el camino, agregando nuevas habitaciones a un hospital que pareciera siempre estar habitado.<\/strong><\/p>\n\n\n\n<div style=\"height:100px\" aria-hidden=\"true\" class=\"wp-block-spacer\"><\/div>\n\n\n\n<figure class=\"w-richtext-figure-type-image w-richtext-align-fullwidth wp-block-image size-large\"><img loading=\"lazy\" decoding=\"async\" width=\"1024\" height=\"684\" src=\"https:\/\/razacomica.cl\/sitio\/wp-content\/uploads\/2026\/08\/Inauguracion_AlejandraHernandez_2-1024x684.png\" alt=\"Registro de la inauguraci\u00f3n de Siempre fui un peque\u00f1o monstruo de Roma Vaquero D\u00edaz en Espacio La Cochera (2026) \u2013 Fotograf\u00eda de Alejandra Hern\u00e1ndez\" class=\"wp-image-21571\"\/><figcaption class=\"wp-element-caption\">Registro de la inauguraci\u00f3n de Siempre fui un peque\u00f1o monstruo de Roma Vaquero D\u00edaz en Espacio La Cochera (2026) \u2013 Fotograf\u00eda de Alejandra Hern\u00e1ndez<\/figcaption><\/figure>\n\n\n\n<div style=\"height:100px\" aria-hidden=\"true\" class=\"wp-block-spacer\"><\/div>\n\n\n\n<p><strong>Siempre fui un peque\u00f1o monstruo, de Roma Vaquero D\u00edaz<\/strong><\/p>\n\n\n\n<p><strong>Exposici\u00f3n:<\/strong> 20 de agosto al 12 de septiembre de 2026<\/p>\n\n\n\n<p><strong>Horario de visita:<\/strong> viernes y s\u00e1bados, de 15:00 a 18:00 horas<\/p>\n\n\n\n<p><strong>Direcci\u00f3n:<\/strong> Espacio La Cochera, calle Hu\u00e9rfanos 2567, Santiago.<\/p>\n\n\n\n<p><a href=\"http:\/\/www.espaciolacochera.cl\">www.espaciolacochera.cl<\/a><\/p>\n\n\n\n<p><\/p>\n","protected":false},"excerpt":{"rendered":"<p>La muestra Siempre fui un peque\u00f1o monstruo se presenta en Espacio La Cochera de Barrio Yungay hasta el 12 de septiembre. En ella, la artista expande hacia el espacio expositivo la investigaci\u00f3n desarrollada por la artista en su novela Archivo para recuperarme. En esta oportunidad, encontr\u00f3 v\u00ednculos de la historia m\u00e9dico psiqui\u00e1trica del pa\u00eds con [&hellip;]<\/p>\n","protected":false},"author":619,"featured_media":21573,"comment_status":"closed","ping_status":"closed","sticky":false,"template":"","format":"standard","meta":{"_acf_changed":false,"footnotes":""},"categories":[3897,1,20],"tags":[4725,4723,1575,4724,4726],"taxonomy\/multi-autores":[],"taxonomy\/archivo-especiales":[],"class_list":["post-21579","post","type-post","status-publish","format-standard","has-post-thumbnail","hentry","category-carrusel","category-sin-categoria","category-yo-la-peor-de-todas","tag-barrio-yungay","tag-espacio-la-cochera","tag-exposicion","tag-roma-vaquero-diaz","tag-siempre-fui-un-pequeno-monstruo"],"acf":[],"_links":{"self":[{"href":"https:\/\/razacomica.cl\/sitio\/wp-json\/wp\/v2\/posts\/21579","targetHints":{"allow":["GET"]}}],"collection":[{"href":"https:\/\/razacomica.cl\/sitio\/wp-json\/wp\/v2\/posts"}],"about":[{"href":"https:\/\/razacomica.cl\/sitio\/wp-json\/wp\/v2\/types\/post"}],"author":[{"embeddable":true,"href":"https:\/\/razacomica.cl\/sitio\/wp-json\/wp\/v2\/users\/619"}],"replies":[{"embeddable":true,"href":"https:\/\/razacomica.cl\/sitio\/wp-json\/wp\/v2\/comments?post=21579"}],"version-history":[{"count":3,"href":"https:\/\/razacomica.cl\/sitio\/wp-json\/wp\/v2\/posts\/21579\/revisions"}],"predecessor-version":[{"id":21582,"href":"https:\/\/razacomica.cl\/sitio\/wp-json\/wp\/v2\/posts\/21579\/revisions\/21582"}],"wp:featuredmedia":[{"embeddable":true,"href":"https:\/\/razacomica.cl\/sitio\/wp-json\/wp\/v2\/media\/21573"}],"wp:attachment":[{"href":"https:\/\/razacomica.cl\/sitio\/wp-json\/wp\/v2\/media?parent=21579"}],"wp:term":[{"taxonomy":"category","embeddable":true,"href":"https:\/\/razacomica.cl\/sitio\/wp-json\/wp\/v2\/categories?post=21579"},{"taxonomy":"post_tag","embeddable":true,"href":"https:\/\/razacomica.cl\/sitio\/wp-json\/wp\/v2\/tags?post=21579"},{"taxonomy":"multi-autores","embeddable":true,"href":"https:\/\/razacomica.cl\/sitio\/wp-json\/wp\/v2\/taxonomy\/multi-autores?post=21579"},{"taxonomy":"archivo-especiales","embeddable":true,"href":"https:\/\/razacomica.cl\/sitio\/wp-json\/wp\/v2\/taxonomy\/archivo-especiales?post=21579"}],"curies":[{"name":"wp","href":"https:\/\/api.w.org\/{rel}","templated":true}]}}