{"id":21608,"date":"2026-09-03T23:03:55","date_gmt":"2026-09-03T23:03:55","guid":{"rendered":"https:\/\/razacomica.cl\/sitio\/?p=21608"},"modified":"2026-09-03T23:03:55","modified_gmt":"2026-09-03T23:03:55","slug":"rafael-cuevas-ilustrador-kontrabando-es-una-comunidad-activa-y-hambrienta-de-conocimiento-y-de-expresion","status":"publish","type":"post","link":"https:\/\/razacomica.cl\/sitio\/2026\/09\/03\/rafael-cuevas-ilustrador-kontrabando-es-una-comunidad-activa-y-hambrienta-de-conocimiento-y-de-expresion\/","title":{"rendered":"Rafael Cuevas, ilustrador: \u201cKontrabando es una comunidad activa y hambrienta de conocimiento y de expresi\u00f3n\u201d"},"content":{"rendered":"\n<div style=\"height:100px\" aria-hidden=\"true\" class=\"wp-block-spacer\"><\/div>\n\n\n\n<p class=\"has-text-align-right has-medium-font-size\"><em>A cargo del afiche de la 22\u00aa Feria de Oficios y Artes Gr\u00e1ficas Kontrabando -que tiene como lema este a\u00f1o \u201cLa dicha de poder vivir\u201d- el artista y psic\u00f3logo se refiere a los conceptos tras la propuesta: los afectos y el cuidado. Tambi\u00e9n, a los caminos que lo unen a la gr\u00e1fica y la psicolog\u00eda.<\/em><\/p>\n\n\n\n<p class=\"has-text-align-right has-medium-font-size\"><em>Esta edici\u00f3n de Kontrabando se desarrollar\u00e1 este s\u00e1bado 5 y domingo 6 de septiembre desde las 12:00 hrs en el Centro Coreogr\u00e1fico de Santiago, ubicado en Hu\u00e9rfanos 1869. La entrada es liberada.<\/em><\/p>\n\n\n\n<div style=\"height:100px\" aria-hidden=\"true\" class=\"wp-block-spacer\"><\/div>\n\n\n\n<p>Este s\u00e1bado 5 y domingo 6 de septiembre, desde las 12:00 hrs se realizar\u00e1 la<strong> 22\u00aa Feria de Oficios y Artes Gr\u00e1ficas Kontrabando, <\/strong>encuentro que bajo el lema <strong>&nbsp;\u201cLa dicha de poder vivir\u201d <\/strong>celebra la importancia del tiempo libre y el encuentro afectuoso en torno a la creaci\u00f3n, los oficios, las artes y la posibilidad de compartir en comunidad.&nbsp;<\/p>\n\n\n\n<p>Durante ambas jornadas, la feria reunir\u00e1 a artistas de la gr\u00e1fica y los oficios, quienes pondr\u00e1n a disposici\u00f3n del p\u00fablico sus obras y creaciones realizadas de manera independiente y, en muchos casos de forma totalmente artesanal: <strong>grabados, ilustraciones, afiches, textiles, cer\u00e1micas, objetos, accesorios, indumentaria, publicaciones, libretas, piezas de arte y mucho m\u00e1s<\/strong>.&nbsp;<\/p>\n\n\n\n<p>La particularidad de esta feria es el contacto directo con artistas que muestran y comparten sus procesos creativos, conectando con el p\u00fablico de manera cercana y en l\u00f3gicas humanas que van m\u00e1s all\u00e1 de lo puramente transaccional. <strong>La feria tambi\u00e9n es un museo que se puede recorrer para apreciar el arte nuevo.<\/strong><\/p>\n\n\n\n<p>Uno de estos artistas es<strong> Rafael Cuevas, ilustrador y psic\u00f3logo, y que en esta oportunidad estuvo a cargo de dise\u00f1ar el afiche de la edici\u00f3n.<\/strong> \u201cFusiono mis conocimientos en psicolog\u00eda y arte para crear soluciones comunicacionales y de branding que conecten profundamente con las personas. Mi enfoque es siempre colaborativo\u201d, se\u00f1ala en su <a href=\"https:\/\/holagrafiki.com\/\">web el artista.<\/a><strong>&nbsp;<\/strong><\/p>\n\n\n\n<p><strong>\u201cMe aproximo a la Kontrabando desde el cari\u00f1o\u201d, cuenta<\/strong>, recordando que este v\u00ednculo se inici\u00f3 por unos talleres de serigraf\u00eda que tom\u00f3 con parte de los primeros organizadores del encuentro. \u201cSiempre he sentido una atracci\u00f3n y curiosidad por el proyecto\u201d, lo que se ha expresado en el dise\u00f1o del afiche de esta edici\u00f3n y de<a href=\"https:\/\/holagrafiki.com\/feria-kontrabando-19\/\"> otra previa.<\/a> Y por supuesto, en su participaci\u00f3n como feriante.&nbsp;<\/p>\n\n\n\n<p><strong>Kontrabando, agrega, \u201csiempre est\u00e1 y estar\u00e1 en mi coraz\u00f3n, no solo por lo que representa, sino por la gente que lo hace posible\u201d.&nbsp;<\/strong><\/p>\n\n\n\n<div style=\"height:100px\" aria-hidden=\"true\" class=\"wp-block-spacer\"><\/div>\n\n\n\n<figure class=\"w-richtext-figure-type-image w-richtext-align-fullwidth wp-block-image size-large\"><img loading=\"lazy\" decoding=\"async\" width=\"819\" height=\"1024\" src=\"https:\/\/razacomica.cl\/sitio\/wp-content\/uploads\/2026\/09\/AFICHE-OFICIAL-819x1024.png\" alt=\"\" class=\"wp-image-21604\"\/><\/figure>\n\n\n\n<div style=\"height:100px\" aria-hidden=\"true\" class=\"wp-block-spacer\"><\/div>\n\n\n\n<p class=\"has-text-align-center has-large-font-size\"><strong>***<\/strong><\/p>\n\n\n\n<div style=\"height:100px\" aria-hidden=\"true\" class=\"wp-block-spacer\"><\/div>\n\n\n\n<p><strong>Kontrabando<\/strong> <strong>\u201cLa dicha de poder vivir\u201d, se celebrar\u00e1 por primera vez en el&nbsp; Centro Coreogr\u00e1fico de Santiago ubicado en pleno Barrio Brasil, en Hu\u00e9rfanos 1869<\/strong>. La programaci\u00f3n contempla muchas actividades complementarias variadas para todas las edades: m\u00fasica, danza, intervenciones y diversas experiencias art\u00edsticas, junto a talleres y actividades abiertas. Toda la informaci\u00f3n est\u00e1 en el instagram <a href=\"https:\/\/www.instagram.com\/feria_kontrabando\/\">@feria_kontrabando<\/a><\/p>\n\n\n\n<div style=\"height:100px\" aria-hidden=\"true\" class=\"wp-block-spacer\"><\/div>\n\n\n\n<figure class=\"w-richtext-figure-type-image w-richtext-align-fullwidth wp-block-image size-large\"><img loading=\"lazy\" decoding=\"async\" width=\"1024\" height=\"683\" src=\"https:\/\/razacomica.cl\/sitio\/wp-content\/uploads\/2026\/09\/Feria-Kontrabando-foto-Lorena-Monsalvez-1024x683.jpg\" alt=\"\" class=\"wp-image-21606\"\/><\/figure>\n\n\n\n<div style=\"height:100px\" aria-hidden=\"true\" class=\"wp-block-spacer\"><\/div>\n\n\n\n<p class=\"has-text-align-center has-large-font-size\"><strong>***<\/strong><\/p>\n\n\n\n<div style=\"height:100px\" aria-hidden=\"true\" class=\"wp-block-spacer\"><\/div>\n\n\n\n<p><strong>-En esta oportunidad creaste el afiche del evento, \u00bfqu\u00e9 quisiste plasmar en \u00e9l?<\/strong><\/p>\n\n\n\n<p>El tema del cari\u00f1o y del lugar seguro, que son los buenos amigos y la familia, ya sea la de sangre o la que uno elige. Esa fue la idea. Tambi\u00e9n, tengo cierto conocimiento sobre el tarot y es un tema que me interesa mucho, y por eso hablamos con las chiquitas y los chiquillos de poder usar una carta para plasmar esa idea. <strong>Usamos el diez de copas, que es una carta muy bonita que habla de la abundancia, del encuentro y de compartir. <\/strong>Y nada, creo que funcion\u00f3, que <strong>es una gr\u00e1fica c\u00e1lida, amorosa, y que tambi\u00e9n invita al esp\u00edritu del evento, a un reencuentro entre nosotras y nosotros.<\/strong><\/p>\n\n\n\n<p><strong>-Kontrabando reune diferentes formas y miradas sobre las artes gr\u00e1ficas. \u00bfC\u00f3mo nutre este evento a la escena local?<\/strong><\/p>\n\n\n\n<p><strong>Yo creo que la Kontrabando, adem\u00e1s de ser un evento cultural de renombre, tambi\u00e9n contribuye a la escena de las artes gr\u00e1ficas, en el sentido de que permite no solo que cada cada persona exponga su trabajo, sino que tambi\u00e9n pueda pueda observar, apreciar y disfrutar del trabajo de los otros y las otras personas.&nbsp;<\/strong><\/p>\n\n\n\n<p><strong>Tambi\u00e9n tiene una especie de energ\u00eda que se crea y que se ve reflejada en la comunidad de la feria, que es una comunidad no solo activa, sino tambi\u00e9n hambrienta de conocimiento, de espacio y de expresi\u00f3n. Creo que eso es un poco lo que aporta la Kontrabando, una tierra f\u00e9rtil para que crezca todo este jard\u00edn.<\/strong><\/p>\n\n\n\n<div style=\"height:100px\" aria-hidden=\"true\" class=\"wp-block-spacer\"><\/div>\n\n\n\n<figure class=\"w-richtext-figure-type-image w-richtext-align-fullwidth wp-block-image size-large\"><img loading=\"lazy\" decoding=\"async\" width=\"1024\" height=\"1024\" src=\"https:\/\/razacomica.cl\/sitio\/wp-content\/uploads\/2026\/09\/holagrafiki1-1-1024x1024.jpg\" alt=\"\" class=\"wp-image-21607\"\/><\/figure>\n\n\n\n<div style=\"height:100px\" aria-hidden=\"true\" class=\"wp-block-spacer\"><\/div>\n\n\n\n<p><strong>-Tu trabajo une las artes gr\u00e1ficas con las miradas de la psicolog\u00eda. \u00bfQu\u00e9 visi\u00f3n le agrega esta \u00faltima disciplina?, \u00bfqu\u00e9 sello imprime a tu trabajo?<\/strong><\/p>\n\n\n\n<p>Sin querer queriendo, la psicolog\u00eda empez\u00f3 a jugar parte importante en mi trabajo. De partida<strong>, no estudi\u00e9 en un principio ni dise\u00f1o ni ilustraci\u00f3n. Yo estudi\u00e9 psicolog\u00eda, pero me di cuenta que como psic\u00f3logo soy mejor ilustrador y me empec\u00e9 a dedicar a eso. <\/strong>Despu\u00e9s, gracias a las becas de formaci\u00f3n de los Fondos de Cultura pude irme a estudiar un mag\u00edster a Espa\u00f1a donde aprend\u00ed mucho m\u00e1s de esa disciplina y sus \u00e1reas.<\/p>\n\n\n\n<p><strong>Creo que en eso<\/strong><strong> la psicolog\u00eda entr\u00f3 como una forma de guiar el sentido del trabajo, como una fuente para encontrar s\u00edmbolos y conceptos que fueran entendibles f\u00e1cilmente<\/strong>. El mismo acercamiento que tengo con el tarot se basa harto en eso, en entender c\u00f3mo funciona nuestra mente a trav\u00e9s de nuestras v\u00edas de expresi\u00f3n; qu\u00e9 efectos tiene en nosotros. <strong>Si uno le pone atenci\u00f3n a esas cosas puede lograr conectar con el p\u00fablico.<\/strong><\/p>\n\n\n\n<p>Permea en todos lados. Hablando de las especies nativas y de la naturaleza, que es algo que tambi\u00e9n me interesa harto, creo que me enfoco m\u00e1s en tratar de transmitir cu\u00e1l es la sensaci\u00f3n que me provoca esto a m\u00ed y c\u00f3mo se podr\u00eda traducir esa sensaci\u00f3n de espacio que nos da la naturaleza. \u00bfC\u00f3mo&nbsp; se representa esa conexi\u00f3n?, <strong>\u00bfc\u00f3mo se representa lo que vivimos cuando estamos en un bosque nativo o cuando estamos en un parque nacional? Ese tipo de cosas son las que me gusta trabajar. <\/strong>La gr\u00e1fica es la mejor compa\u00f1era porque aporta una calidad muy linda y muy est\u00e9tica a esto.<\/p>\n\n\n\n<p><strong>-Vas a realizar unos talleres en esta edici\u00f3n de la feria. \u00bfC\u00f3mo te planteas la labor formativa?<\/strong><\/p>\n\n\n\n<p>En esta feria voy a tener la oportunidad de hacer de hacer una charla que me tiene bastante ilusionado. <strong>Primero porque en lo personal tengo un v\u00ednculo muy especial con la docencia y la ense\u00f1anza. Llevo haciendo mis talleres hace hace bastante tiempo, hace 10 a\u00f1os. <\/strong>Hago un taller de ilustraci\u00f3n de manera online y presencial, en donde ense\u00f1o a dibujar a gente de distintas edades y es <strong>bastante enriquecedor para m\u00ed.&nbsp;<\/strong><\/p>\n\n\n\n<p>Tambi\u00e9n soy docente de la Universidad Andr\u00e9s Bello en primer a\u00f1o, entonces podr\u00eda decir que tengo un fuerte v\u00ednculo con eso, as\u00ed que <strong>me lo planteo como labor formativa m\u00e1s que como un faro de conocimiento. M\u00e1s bien como un mapa para entender lo que es este camino: qu\u00e9 es el camino creativo. De esa forma me lo tomo.&nbsp;<\/strong><\/p>\n\n\n\n<p>Trato de fomentar m\u00e1s las preguntas que las respuestas. <strong>Me lo planteo como algo que viene harto del amor, no solo del amor a lo otro, sino que del amor al trabajo mismo.<\/strong><\/p>\n\n\n\n<p><strong>-\u00bfQu\u00e9 invitaci\u00f3n le har\u00edas al p\u00fablico, particularmente a quienes no conocen la feria para asistir a ella?<\/strong><\/p>\n\n\n\n<p>Los invito a la feria y a la charla, que va a ser el d\u00eda s\u00e1bado 5 de septiembre a las 6 de la tarde. La charla se llama \u201cCamino al laberinto\u201d, que es sobre el bloqueo creativo, lo que nos pasa en \u00e9l y c\u00f3mo podemos trabajar sobre esas emociones que nos invaden cuando nos queremos lanzar con una idea nueva. No se pierdan la feria, va a estar entretenida.<\/p>\n\n\n\n<div style=\"height:100px\" aria-hidden=\"true\" class=\"wp-block-spacer\"><\/div>\n\n\n\n<figure class=\"w-richtext-figure-type-image w-richtext-align-fullwidth wp-block-image size-large\"><img loading=\"lazy\" decoding=\"async\" width=\"767\" height=\"1024\" src=\"https:\/\/razacomica.cl\/sitio\/wp-content\/uploads\/2026\/09\/holagrafiki-afiche-kontrabando-5-1-scaled-1-767x1024.jpg\" alt=\"\" class=\"wp-image-21603\"\/><\/figure>\n\n\n\n<div style=\"height:100px\" aria-hidden=\"true\" class=\"wp-block-spacer\"><\/div>\n","protected":false},"excerpt":{"rendered":"<p>A cargo del afiche de la 22\u00aa Feria de Oficios y Artes Gr\u00e1ficas Kontrabando -que tiene como lema este a\u00f1o \u201cLa dicha de poder vivir\u201d- el artista y psic\u00f3logo se refiere a los conceptos tras la propuesta: los afectos y el cuidado. Tambi\u00e9n, a los caminos que lo unen a la gr\u00e1fica y la psicolog\u00eda. [&hellip;]<\/p>\n","protected":false},"author":63,"featured_media":21602,"comment_status":"closed","ping_status":"closed","sticky":false,"template":"","format":"standard","meta":{"_acf_changed":false,"footnotes":""},"categories":[19,3897,10],"tags":[98,504,4734,3769,4733],"taxonomy\/multi-autores":[],"taxonomy\/archivo-especiales":[],"class_list":["post-21608","post","type-post","status-publish","format-standard","has-post-thumbnail","hentry","category-a-desalambrar","category-carrusel","category-persiana-americana","tag-entrevista","tag-francisca-palma","tag-ilustracion","tag-kontrabando","tag-rafael-cuevas"],"acf":[],"_links":{"self":[{"href":"https:\/\/razacomica.cl\/sitio\/wp-json\/wp\/v2\/posts\/21608","targetHints":{"allow":["GET"]}}],"collection":[{"href":"https:\/\/razacomica.cl\/sitio\/wp-json\/wp\/v2\/posts"}],"about":[{"href":"https:\/\/razacomica.cl\/sitio\/wp-json\/wp\/v2\/types\/post"}],"author":[{"embeddable":true,"href":"https:\/\/razacomica.cl\/sitio\/wp-json\/wp\/v2\/users\/63"}],"replies":[{"embeddable":true,"href":"https:\/\/razacomica.cl\/sitio\/wp-json\/wp\/v2\/comments?post=21608"}],"version-history":[{"count":1,"href":"https:\/\/razacomica.cl\/sitio\/wp-json\/wp\/v2\/posts\/21608\/revisions"}],"predecessor-version":[{"id":21609,"href":"https:\/\/razacomica.cl\/sitio\/wp-json\/wp\/v2\/posts\/21608\/revisions\/21609"}],"wp:featuredmedia":[{"embeddable":true,"href":"https:\/\/razacomica.cl\/sitio\/wp-json\/wp\/v2\/media\/21602"}],"wp:attachment":[{"href":"https:\/\/razacomica.cl\/sitio\/wp-json\/wp\/v2\/media?parent=21608"}],"wp:term":[{"taxonomy":"category","embeddable":true,"href":"https:\/\/razacomica.cl\/sitio\/wp-json\/wp\/v2\/categories?post=21608"},{"taxonomy":"post_tag","embeddable":true,"href":"https:\/\/razacomica.cl\/sitio\/wp-json\/wp\/v2\/tags?post=21608"},{"taxonomy":"multi-autores","embeddable":true,"href":"https:\/\/razacomica.cl\/sitio\/wp-json\/wp\/v2\/taxonomy\/multi-autores?post=21608"},{"taxonomy":"archivo-especiales","embeddable":true,"href":"https:\/\/razacomica.cl\/sitio\/wp-json\/wp\/v2\/taxonomy\/archivo-especiales?post=21608"}],"curies":[{"name":"wp","href":"https:\/\/api.w.org\/{rel}","templated":true}]}}