{"id":5542,"date":"2017-10-18T02:35:02","date_gmt":"2017-10-18T02:35:02","guid":{"rendered":"http:\/\/nueva.razacomica.cl\/?p=5542"},"modified":"2018-03-07T23:29:48","modified_gmt":"2018-03-07T23:29:48","slug":"no-hay-nada-mas-bello-que-una-villa-en-resistencia","status":"publish","type":"post","link":"https:\/\/razacomica.cl\/sitio\/2017\/10\/18\/no-hay-nada-mas-bello-que-una-villa-en-resistencia\/","title":{"rendered":"No hay nada m\u00e1s bello que una villa en resistencia"},"content":{"rendered":"<p><\/p>\n<p class=\"align-right\">La memoria es una fotograf\u00eda imposible. La memoria es una calle. En esta calle marcharon pobladores adoptando todas las formas de lucha, movimientos de resistencia, sombras contra el muro. Y muchas de esas calles hoy han desaparecido, porque la historia es cruel y mezquina. Sin embargo, por suerte, nos quedan las fotos de Pepe Dur\u00e1n.<\/p>\n<p>\u00a0<\/p>\n<p>El trabajo de Pepe Dur\u00e1n tiene un nexo irresoluble con la memoria y con la calle, que en ciertos espacios pol\u00edticos terminan siendo lo mismo. Al decir esto pienso en una cita de Bego\u00f1a Soto, fot\u00f3grafa espa\u00f1ola:\u00a0\u201cEnhebrar recuerdos es lo \u00fanico que podemos hacer cuando la distancia nos impide una presencia imposible. La fotograf\u00eda, en la mayor\u00eda de los casos, act\u00faa como hebra imperceptible\u201d. En este sentido, la imagen, la fotograf\u00eda es un objeto. Un objeto hist\u00f3rico, que sobrevive m\u00e1s all\u00e1 del tiempo y de las personas y de los paisajes, como esos barcos de guerra esparcidos en el fondo del mar.<\/p>\n<p>\u00a0<\/p>\n<p>Al buscar informaci\u00f3n sobre Pepe Dur\u00e1n \u2013nombre con el que ha firmado sus fotolibros\u2013, me percato de que muchos se refieren a \u00e9l como un tipo duro, uno de esos tipos duros de la calle. La calle que eran los a\u00f1os 80. Para hablar sobre su trabajo fotogr\u00e1fico es importante tener en cuenta el concepto de cercan\u00eda. La mirada, la observaci\u00f3n, en el caso de los fot\u00f3grafos, y sobre todo en el caso de los fot\u00f3grafos de guerra, es una herramienta experiencial. No es posible entrar a una villa en resistencia, a un pa\u00eds en resistencia, a una persona en resistencia, si no lo permite el conjunto de individualidades que articulan los procesos de lucha. Alguien, cualquiera, un sujeto que no est\u00e9 comprometido con los procesos pol\u00edticos y territoriales de un sector determinado, es un turista. Y un turista podr\u00eda ver una calle ocupada, una villa ocupada, una ciudad ocupada, y no ver sino paisaje. Un turista podr\u00eda ver un muro en lugar de un mural.<\/p>\n<p>\u00a0<\/p>\n<p><\/p>\n<p>La cercan\u00eda, entonces, no es tan s\u00f3lo un concepto f\u00edsico, sino que debemos entenderla como una acci\u00f3n pol\u00edtica. Una acci\u00f3n donde el fot\u00f3grafo ejerce su oficio de testigo, lanz\u00e1ndose a la realidad como un buzo muerto en el ojo de dios. En las entrevistas que circulan de Pepe Dur\u00e1n se le pregunta c\u00f3mo consigui\u00f3 sus fotos. \u00c9l responde que trabaj\u00f3 con las condiciones materiales que ten\u00eda. La c\u00e1mara que sea, el lente que sea, el angular que sea. Dispar\u00f3 desde la cadera, de la misma forma en que se dispara una hechiza. Entr\u00f3 una c\u00e1mara de contrabando a un campo de concentraci\u00f3n de presos pol\u00edticos de m\u00e1xima seguridad. Escondi\u00f3 los negativos en su ropa y escap\u00f3. Hay que correr m\u00e1s que la polic\u00eda. Hay que hacer lo\u00a0necesario.<\/p>\n<p>\u00a0<\/p>\n<p>En su trabajo encontramos el rescate de momentos hist\u00f3ricos irrepetibles: un sacerdote deteniendo a un zorrillo policial, una manifestaci\u00f3n adentro de la cana, un pu\u00f1ado de hombres y mujeres armados con lo que sea, disparando contra la noche. Sin embargo, su experiencia fotogr\u00e1fica no se conforma s\u00f3lo de escenas irreproducibles, sino de un trabajo de composici\u00f3n que supone una profunda reflexi\u00f3n est\u00e9tica sobre el trance hist\u00f3rico de la fotograf\u00eda.<\/p>\n<p>\u00a0<\/p>\n<p>Las juventudes lautaristas haciendo propaganda armada, un miliciano del MIR encaramado en los cables de alta tensi\u00f3n de Villa Francia, un grupo del Frente armado hasta los dientes, caminando a trav\u00e9s de la noche negra de Chile. El capitalismo no permite salidas pac\u00edficas.<\/p>\n<p>\u00a0<\/p>\n<p>No hay nada m\u00e1s bello que una villa en resistencia.<\/p>\n<p>\u00a0<\/p>\n<p>Termino con una cita de Pedro Lemebel: \u201cNunca m\u00e1s supe de ti, quiz\u00e1s escondido, arrancado, torturado, acribillado o desaparecido en el pentagrama impune y sin m\u00fasica del duelo patrio. Algo me dice que fue as\u00ed. Santiago es una esquina, Santiago no es el gran mundo, aqu\u00ed alg\u00fan d\u00eda todo se sabe\u201d.<\/p>\n<p>\u00a0<\/p>\n<p>\u00a0<\/p>\n<p>\u00a0<\/p>\n<p><\/p>\n<p><\/p>\n<h6 style=\"text-align: center;\"><sup>Pepe Dur\u00e1n, fotograf\u00eda de John Uberuaga<\/sup><\/h6>\n<p>\u00a0<\/p>\n<p>\u00a0<\/p>\n<p>\u00a0<\/p>\n<p><sup>\u2013\u2013\u2013<\/sup><\/p>\n<p>\u00a0<\/p>\n<p><sup>Este texto fue le\u00eddo en la presentaci\u00f3n del fotolibro\u00a0<em>Generaci\u00f3n rebelde\u00a0<\/em>(2da autoedici\u00f3n, 2017) de Pepe Dur\u00e1n, durante el mes de octubre de 2017 en la 10\u00b0 Feria del Libro Independiente de Valpara\u00edso.<\/sup><\/p>\n<p>\u00a0<\/p>\n<p><sup>[Portada] Fotograf\u00eda de Pepe Dur\u00e1n\u00a0\u00a0<\/sup><\/p>\n<p>\u00a0<\/p>\n<p><\/p>\n","protected":false},"excerpt":{"rendered":"<p>En las entrevistas que circulan de Pepe Dur\u00e1n se le pregunta c\u00f3mo consigui\u00f3 sus fotos. \u00c9l responde que trabaj\u00f3 con las condiciones materiales que ten\u00eda.<\/p>\n","protected":false},"author":80,"featured_media":5543,"comment_status":"open","ping_status":"open","sticky":false,"template":"","format":"standard","meta":{"_acf_changed":false,"footnotes":""},"categories":[10],"tags":[219,666,550,667,668,479,549,669,665],"taxonomy\/multi-autores":[],"taxonomy\/archivo-especiales":[],"class_list":["post-5542","post","type-post","status-publish","format-standard","has-post-thumbnail","hentry","category-persiana-americana","tag-dictadura","tag-fotografia","tag-fpmr","tag-generacion-rebelde","tag-john-uberuaga","tag-memoria","tag-mir","tag-mjl","tag-pepe-duran"],"acf":[],"_links":{"self":[{"href":"https:\/\/razacomica.cl\/sitio\/wp-json\/wp\/v2\/posts\/5542","targetHints":{"allow":["GET"]}}],"collection":[{"href":"https:\/\/razacomica.cl\/sitio\/wp-json\/wp\/v2\/posts"}],"about":[{"href":"https:\/\/razacomica.cl\/sitio\/wp-json\/wp\/v2\/types\/post"}],"author":[{"embeddable":true,"href":"https:\/\/razacomica.cl\/sitio\/wp-json\/wp\/v2\/users\/80"}],"replies":[{"embeddable":true,"href":"https:\/\/razacomica.cl\/sitio\/wp-json\/wp\/v2\/comments?post=5542"}],"version-history":[{"count":0,"href":"https:\/\/razacomica.cl\/sitio\/wp-json\/wp\/v2\/posts\/5542\/revisions"}],"wp:featuredmedia":[{"embeddable":true,"href":"https:\/\/razacomica.cl\/sitio\/wp-json\/wp\/v2\/media\/5543"}],"wp:attachment":[{"href":"https:\/\/razacomica.cl\/sitio\/wp-json\/wp\/v2\/media?parent=5542"}],"wp:term":[{"taxonomy":"category","embeddable":true,"href":"https:\/\/razacomica.cl\/sitio\/wp-json\/wp\/v2\/categories?post=5542"},{"taxonomy":"post_tag","embeddable":true,"href":"https:\/\/razacomica.cl\/sitio\/wp-json\/wp\/v2\/tags?post=5542"},{"taxonomy":"multi-autores","embeddable":true,"href":"https:\/\/razacomica.cl\/sitio\/wp-json\/wp\/v2\/taxonomy\/multi-autores?post=5542"},{"taxonomy":"archivo-especiales","embeddable":true,"href":"https:\/\/razacomica.cl\/sitio\/wp-json\/wp\/v2\/taxonomy\/archivo-especiales?post=5542"}],"curies":[{"name":"wp","href":"https:\/\/api.w.org\/{rel}","templated":true}]}}