{"id":8873,"date":"2019-03-29T14:07:23","date_gmt":"2019-03-29T14:07:23","guid":{"rendered":"http:\/\/nueva.razacomica.cl\/?p=8873"},"modified":"2019-04-04T03:30:54","modified_gmt":"2019-04-04T03:30:54","slug":"dar-a-luz-engrillada-y-nacer-entre-esclavas","status":"publish","type":"post","link":"https:\/\/razacomica.cl\/sitio\/2019\/03\/29\/dar-a-luz-engrillada-y-nacer-entre-esclavas\/","title":{"rendered":"Dar a luz engrillada y nacer entre esclavas"},"content":{"rendered":"<p><\/p>\n<p class=\"align-right\">*Este texto comparte autor\u00eda con Victoria Hern\u00e1ndez D\u00edaz y Nicole S\u00e1ez, integrantes de la Red de radialistas feministas y lesbofeministas de Chile. Audio de la entrevista disponible <a href=\"https:\/\/archive.org\/details\/AudioReportajeLorenzaCayuhan\">ac\u00e1.<\/a><\/p>\n<p><\/p>\n<p><em>Christian Pino, Andrea Concha y Cristina Segundo son los nombres de los tres gendarmes involucrados como \u00fanicos responsables de la tortura que vivi\u00f3 Lorenza Cayuhan en octubre de 2016 en el proceso de parto de su hija Sayen cuando debi\u00f3 dar a luz con grilletes en una sala de la prestigiosa Cl\u00ednica de La Mujer en la ciudad de Concepci\u00f3n mientras se le realizaba una ces\u00e1rea de alto riesgo producto de una preeclampsia no atendida a tiempo.<\/em><\/p>\n<p>&nbsp;<\/p>\n<p><em>Hasta la fecha a\u00fan no hay resoluci\u00f3n judicial, tras\u00a0 varias suspensiones. Actualmente, m\u00e1s de dos a\u00f1os despu\u00e9s,\u00a0 este pr\u00f3ximo 15 de abril comienza el juicio simplificado contra los gendarmes.<\/em><\/p>\n<p><em>\u00a0<\/em><\/p>\n<p><em>Tras 3 a\u00f1os de este delito impune por los funcionarios de salud, funcionarios de gendarmer\u00eda y el Estado de Chile, nos acercamos a conversar con Lorenza Cayuhan, en su Comunidad Mapuche llamada Mawuidanche, ubicada en la regi\u00f3n del Bio Bio, comuna de Ca\u00f1ete; Tierras de Alto Antiquina, las cuales proclama ser de sus antepasados Mapuche Lavkenche y parte del Territorio mapuche, Wallmapu.<\/em><\/p>\n<p><\/p>\n<p><strong>Lorenza cu\u00e9ntanos, queremos que el mundo sepa, \u00a0\u00bfQui\u00e9n es Lorenza Cayuhan?<\/strong><\/p>\n<p>\u00a0<\/p>\n<p>\u2015Yo soy Lorenza Cayuhan, de la comunidad Mawidache de Alto Antiquina. En el tiempo antes que fuera procesada judicialmente, era dirigente de la comunidad.<\/p>\n<p>\u00a0<\/p>\n<p>\u00a0<strong>\u00bfCu\u00e1l es la lucha que llevan como comunidad?<\/strong><\/p>\n<p>\u00a0<\/p>\n<p>\u2015Recuperaci\u00f3n de tierras de los predios de Volterra, hay algunos que son de forestal Arauco y Mininco.<\/p>\n<p><\/p>\n<h6 style=\"text-align: justify;\"><sup>Actualmente la tierra llamada Alto Antiquina est\u00e1 en manos de dos gigantes de la industria forestal, CMPC del grupo Matte y Arauco del grupo Angelini, quienes en dictadura de forma fraudulenta, junto al Estado de Chile y sus amparadas legislaciones denominaron esas tierras de \u00abaptitud forestal\u00bb, expropi\u00e1ndolas para la subsistencia alimenticia (agricultura) y de paso violentando la espiritualidad y cosmovisi\u00f3n de las comunidades mapuche de la zona con fines lucrativos, siendo las responsable de la escasez h\u00eddrica y los problemas de salud de la poblaci\u00f3n del territorio. \u00a0<\/sup><\/h6>\n<h6 style=\"text-align: justify;\"><sup>\u00a0<\/sup><\/h6>\n<h6 style=\"text-align: justify;\"><sup>En este contexto, de usurpaci\u00f3n y nula voluntad pol\u00edtica del estado chileno para reconocer y asumir la deuda hist\u00f3rica con el pueblo mapuche, es que las comunidades mapuche de la zona han decidido hacer ocupaci\u00f3n de faenas forestales y autoproclamarse como Lov en resistencia.\u00a0 El Estado de Chile ha respondido con una pol\u00edtica sistem\u00e1tica de persecuci\u00f3n, hostigamiento y represi\u00f3n hacia los miembros de estas comunidades movilizadas, con especial ensa\u00f1amiento hacia dirigentes que reivindican tierras a empresas forestales.<\/sup><\/h6>\n<p><\/p>\n<p><strong>\u00bfCu\u00e1l es la situaci\u00f3n judicial que vivi\u00f3?<\/strong><\/p>\n<p>\u00a0<\/p>\n<p>\u2015Forestal Arauco fue la empresa que nos llev\u00f3 a la c\u00e1rcel\u2026 Lo que yo viv\u00ed, ya que fui yo la que fue m\u00e1s perseguida.\u00a0Me llevaban cerca de medio a\u00f1o sigui\u00e9ndome, porque hubieron fotos que salieron despu\u00e9s en los juicios, de cosas que andaba haciendo y me di cuenta que me estaban siguiendo durante bastante tiempo.<\/p>\n<p>\u00a0<\/p>\n<p>Mi familia fue v\u00edctima de allanamientos, porque en mi comunidad allanaron todo, trajeron m\u00e1s de 50 efectivos y 2 helic\u00f3pteros. Ah\u00ed fueron golpeados, tiraron bombas, hubo amenazas con armas para que entregara informaci\u00f3n, para m\u00ed y para mi hijo, que ten\u00eda en ese entonces 9 a\u00f1os. Estuvo con psic\u00f3logo y todas esas cosas, ya que era mucho el miedo que \u00e9l sent\u00eda. Hab\u00eda hartos ni\u00f1os en ese momento y todos quedaron traumados, ahora ven un carabinero y salen arrancando, es un proceso bien complicado y yo creo que ellos est\u00e1n con esa idea y no se les va a salir. Se militariz\u00f3 la zona, en cualquier momento cualquier cosa puede pasar.<\/p>\n<p><\/p>\n<h6 style=\"text-align: justify;\"><sup>Lorenza Cayuhan fue detenida el 15 de Diciembre del 2015 acusada por un testigo sin rostro del supuesto robo de una motosierra, un cooler, un GPS, una lima, un hacha y una c\u00e1mara a trabajadores de la empresa FUMIVAR, prestadora de servicios de Forestal Arauco.<\/sup><\/h6>\n<h6 style=\"text-align: justify;\">\u00a0<\/h6>\n<h6 style=\"text-align: justify;\"><sup>Junto a otros seis mapuche miembros de la familia Cayuhan, Lorenza fue condenada a 5 a\u00f1os y 61 d\u00edas, cuando el Tribunal Oral en lo penal de Ca\u00f1ete desestim\u00f3 lo se\u00f1alado por la Corte de Apelaciones de Concepci\u00f3n sobre la utilizaci\u00f3n de la figura ilegal inventada por la PDI referente al uso de un testigo ocasional a la que en respaldo, el ministerio p\u00fablico describi\u00f3 como un colaborador habitual de la polic\u00eda, que no quer\u00eda revelar su identidad, ni menos prestar declaraci\u00f3n al tribunal. Lorenza ten\u00eda ya 4 meses de embarazo cuando fue condenada.<\/sup><\/h6>\n<h6 style=\"text-align: justify;\">\u00a0<\/h6>\n<h6 style=\"text-align: justify;\"><sup>En octubre del 2016 Lorenza Cayuhan, cumpliendo condena en la c\u00e1rcel de Arauco, comenz\u00f3 a sufrir complicaciones en su embarazo.<\/sup><\/h6>\n<p><\/p>\n<p><strong>\u00bfC\u00f3mo fue vivir un embarazo en prisi\u00f3n?<\/strong><\/p>\n<p>\u00a0<\/p>\n<p>\u2015Yo me sent\u00eda mal hace muchos d\u00edas, como quince d\u00edas antes de que naciera Sayen, hab\u00eda un solo param\u00e9dico en ese tiempo, y nunca me tomaron en cuenta, siempre fui a param\u00e9dico, que me sent\u00eda mal, ten\u00eda muy hinchados los pies, la cara, todo el cuerpo, ellos nunca quisieron hacer nada.<\/p>\n<p>\u00a0<\/p>\n<p>Estaba con s\u00edntomas de parto el \u00faltimo d\u00eda, no pod\u00eda caminar; por eso me sacaron\u2026 mi beb\u00e9 estaba por nacer, iba todos los d\u00edas, las internas me ayudaron. Si no me llevan, mi beb\u00e9 muere porque ya no ten\u00eda ox\u00edgeno.<\/p>\n<p> <\/p>\n<p><\/p>\n<h6 style=\"text-align: justify;\"><sup>\u201cEl 12 de octubre, mujer mapuche recluida en el CDP de Arauco, embarazada de aproximadamente 8 meses, fue trasladada al Hospital de Arauco por molestias f\u00edsicas debidas a su embarazo. Dado la gravedad de su estado de salud, tuvo que ingresar al Hospital Regional de Concepci\u00f3n. Durante los 72 km de distancia para el traslado, la v\u00edctima qued\u00f3 engrillada en la ambulancia, sufriendo molestias f\u00edsicas debidas a las contracciones y la gravedad de su enfermedad. El 13 de octubre, ingresa el Hospital Regional de Concepci\u00f3n. All\u00ed, fue engrillada en la sala de parto, de la cual se exhort\u00f3 a los funcionarios irse, petici\u00f3n a la cual accedieron. Frente a la urgencia de su situaci\u00f3n, la v\u00edctima tuvo que ser de nuevo trasladada al Hospital Cl\u00ednica de la Mujer del Sanatorio Alem\u00e1n, traslado que se hizo con la victima engrillada. Engrillada a la cama del hospital, fue conducida a la sala de pre parto. Un funcionario masculino se qued\u00f3 en la sala, mirando como la mujer se desnudaba para vestirse con la bata cl\u00ednica, asistiendo a los ex\u00e1menes ginecol\u00f3gicos. S\u00f3lo accedi\u00f3 a quitar las esposas de los tobillos de la v\u00edctima, para que le pudieran poner medias de contenci\u00f3n, y la volvi\u00f3 a engrillar despu\u00e9s. El funcionario tambi\u00e9n se qued\u00f3 en el pabell\u00f3n, donde se practic\u00f3 la ces\u00e1rea, habiendo puesto esposas a la v\u00edctima entre los dos tobillos. La mujer dio a luz a una ni\u00f1a, engrillada, y en presencia de un funcionario de polic\u00eda\u201d, Recurso de amparo Lorenza Cayuhan (Caso engrillada) INDH.<\/sup><\/h6>\n<p><\/p>\n<p>\u2015Ellos no solicitaron en ning\u00fan momento sacar las medidas de seguridad, porque en Arauco s\u00ed la solicitaron porque en Arauco yo llegu\u00e9 con chaleco, con grilletes en los pies y en las manos, y ah\u00ed la matrona les pidi\u00f3 a ellos que ten\u00edan que sacarme todas esas cosas, pero solamente ah\u00ed, saliendo de ah\u00ed ellos nuevamente colocaron las medidas de seguridad.<\/p>\n<p><\/p>\n<h6 style=\"text-align: justify;\"><sup>En diciembre de 2016 la segunda sala de la Corte Suprema determin\u00f3 en un fallo un\u00e1nime que \u201cEl Estado ha transgredido su obligaci\u00f3n de proteger a la amparada de la violencia ejercida por funcionarios de gendarmer\u00eda, al permitir que aquella que se encontraba en una condici\u00f3n de vulnerabilidad, dado su estado de embarazo y privaci\u00f3n de libertad, fuera sometida a tratos vejatorios e indignos que debieron evitarse\u201d. Adem\u00e1s, en la misma oportunidad se concluy\u00f3 que el maltrato recibido tuvo origen discriminatorio debido a su pertenencia a una comunidad mapuche, constituyendo una situaci\u00f3n paradigm\u00e1tica de interseccionalidad en la discriminaci\u00f3n\u201d. Lorenza mujer, madre, mapuche, embarazada, prisionera del Estado chileno.<\/sup><\/h6>\n<h6 style=\"text-align: justify;\"><sup>En b\u00fasqueda de responsables, se inici\u00f3 la investigaci\u00f3n por parte del Depto. de Derechos Humanos del Colegio M\u00e9dico encabezada por el doctor H\u00e9ctor Morales, donde se determin\u00f3 la responsabilidad de cuatro m\u00e9dicos y se acredit\u00f3 la tortura y trato inhumano a Lorenza. Sin embargo la sanci\u00f3n a Morales finalmente fue revocada.<\/sup><\/h6>\n<p><\/p>\n<p><strong>La pr\u00f3xima audiencia de juicio es contra los gendarmes que participaron en tu parto \u00bfqu\u00e9 pas\u00f3 con los trabajadores de la salud, que tambi\u00e9n fueron parte del proceso?<\/strong><\/p>\n<p>\u00a0<\/p>\n<p>\u2015No s\u00e9 porque no fueron formalizados. Porque en este caso, el encargado es Fiscal\u00eda; Fiscal\u00eda encontr\u00f3 que los culpables eran \u00fanicamente los tres funcionarios. No hubo ni siquiera el director regional, que ahora a todo esto es director nacional de Gendarmer\u00eda. Entonces es como il\u00f3gico, mientras m\u00e1s cosas malas hacen es m\u00e1s f\u00e1cil para ellos ascender, entonces no entiendo.<\/p>\n<p><\/p>\n<h6 style=\"text-align: justify;\"><sup>Llama la atenci\u00f3n y no es casual que Chistian Alveal actual director nacional de gendarmer\u00eda, haya sido efectivamente ascendido y no expulsado de sus funciones, luego de que el a\u00f1o 2016, como director Regional del Bio Bio, fue quien permiti\u00f3 y resguard\u00f3 los abusos en contra de Lorenza y Sayen. Christian Alveal, el mismo que como jefe operativo titular de Gendamer\u00eda en la C\u00e1rcel San Miguel y producto de su p\u00e9sima gesti\u00f3n permitiera que un incendio en la torre 5 terminara con la vida de 81 hombres privados de libertad el a\u00f1o 2010.<\/sup><\/h6>\n<h6 style=\"text-align: justify;\"><sup>\u00a0<\/sup><\/h6>\n<h6 style=\"text-align: justify;\"><sup>El trato inhumano y tortura en contra de Lorenza y Sayen gatill\u00f3 el cuestionamiento sobre la realidad particular que viven las mujeres en contexto de encierro, considerando la evidente crisis del sistema penitenciario chileno, tanto a nivel legislativo como nivel org\u00e1nico interno. Desde el hacinamiento y las deficiencias de las estructuras, hasta el acceso insuficiente a agua potable, la mala alimentaci\u00f3n y falta de atenci\u00f3n m\u00e9dica son algunas de las situaciones cotidianas, que se acent\u00faan considerablemente en los recintos donde habitan mujeres.<\/sup><\/h6>\n<p><\/p>\n<p><strong>\u00bfDe qu\u00e9 manera la prisi\u00f3n, cumple con los derechos de una madre embarazada y ni\u00f1os\/as en proceso de lactancia?<\/strong><\/p>\n<p>\u00a0<\/p>\n<p>\u2015No hay controles como corresponde, ni para uno ni para los ni\u00f1os. Reci\u00e9n ahora Sayen esta con sus controles. Va una enfermera, la revisan y se van, porque de Sayen no existe ning\u00fan registro. Sayen es prematura y no tiene ni un control como ni\u00f1a prematura, cuando salimos fue ingresada como ni\u00f1a prematura. Ella debi\u00f3 haber tenido controles cada dos meses, no como un ni\u00f1o normal que es cada seis. Nunca se me inform\u00f3 que ten\u00eda que ser as\u00ed, yo creo que se las arreglan entre ellos, si hubiese sido una profesional me hubiese informado\u2026 cuando sal\u00ed me entere de c\u00f3mo era el proceso con un ni\u00f1o prematuro. Ahora reci\u00e9n Sayen a los 2 a\u00f1os normaliz\u00f3 sus controles\u2026 ahora es tarde, si le llega a pasar algo, nadie es el responsable.<\/p>\n<p><\/p>\n<h6 style=\"text-align: justify;\"><sup>Un grupo de ONG\u2019s junto con el grupo legislativo de Alejandro Navarro crearon un proyecto de ley que buscaba solucionar los problemas de las mujeres y de la infancia en prisiones. El proyecto busc\u00f3 modificar dos aspectos del C\u00f3digo Procesal Penal; el art\u00edculo 141, donde se agrega la improcedencia de tomar en prisi\u00f3n preventiva a mujeres embarazadas o madres de infantes menores de tres a\u00f1os. Por otra parte, se incorpora el art\u00edculo 468 bis, el cual, dentro de la reglamentaci\u00f3n durante el cumplimiento de la pena, crea una instituci\u00f3n que suspenda la ejecuci\u00f3n de la pena cuando las condenadas son mujeres embarazadas o madres de menores de tres a\u00f1os, suspensi\u00f3n que se extender\u00e1 hasta el cumplimiento de dicha edad o bien la posibilidad de extenderla por tres a\u00f1os m\u00e1s en caso de que sus infantes presenten alguna enfermedad grave o discapacidad f\u00edsica o mental. <\/sup><\/h6>\n<h6 style=\"text-align: justify;\"><sup>Este proyecto fue ingresado al congreso para su discusi\u00f3n, pero hasta la fecha no hay resultados de su modificaci\u00f3n y\/o aprobaci\u00f3n, ni presi\u00f3n de sus propulsores pol\u00edticos.<\/sup><\/h6>\n<p><\/p>\n<p>\u2015La corte suprema orden\u00f3, cuando se puso el recurso de protecci\u00f3n por Sayen, que hubiera un lugar mejor. Me di cuenta de que antes de venirme,\u00a0ya las condiciones hab\u00edan cambiado; porque yo hice reclusi\u00f3n nocturna tres meses, solamente iba a dormir a la c\u00e1rcel, entonces cuando llegaba all\u00e1 me daba cuenta de que hab\u00edan llenado de camas el comedor, que hab\u00edan m\u00e1s embarazadas y que al final volvi\u00f3 a ser lo mismo y yo esperaba que no hubiese sido as\u00ed. Lo mismo que solicitaba yo, que nadie m\u00e1s vuelva a tener su hijo de la forma que yo la tuve a Sayen y que las condiciones fueran mejoradas, pero al final todo fue algo pasajero, porque ya todo volvi\u00f3 a la normalidad. Que impotencia, qu\u00e9 podemos hacer, porque yo s\u00e9 que hay mujeres y hay mam\u00e1s igual que yo, y una como mam\u00e1 igual se coloca en el lugar de la otra mam\u00e1 que c\u00f3mo me siento yo en un espacio peque\u00f1o de tres por tres todo un d\u00eda, porque la visita es todo el d\u00eda, y como me siento yo todo el d\u00eda ah\u00ed y estar toda la noche tambi\u00e9n hasta el otro d\u00eda\u2026<\/p>\n<p>\u00a0<\/p>\n<p>\u00a0<\/p>\n<p><strong>\u00bfQu\u00e9 esperas de este nuevo proceso judicial?<\/strong><\/p>\n<p>\u00a0<\/p>\n<p>\u2015Yo creo que no va a haber justicia. O sea no hubo, no va a haber, no habr\u00e1; lo hemos sabido de un principio. Nosotros como mapuche siempre somos mirados como debajo de ellos, de hecho lo he dicho en varias entrevistas que siempre ellos se van a defender entre ellos, que el fiscal del caso en vez de estar de mi lado, est\u00e1 para el lado de ellos. O sea los defiende a ellos en vez de a m\u00ed, porque eso es lo que corresponder\u00eda. Me di cuenta cuando fui a la \u00faltima audiencia y creo que no va a ver, ni so\u00f1ando\u2026 creo que va a ser m\u00ednimo lo que ellos van a obtener, y para m\u00ed va a quedar siempre; ellos hacen su trabajo, hacen su vida normal, en cambio para mi va quedar algo marcado y que no se va a poder olvidar, porque yo fui la que viv\u00ed todo el proceso.<\/p>\n<p><\/p>\n<h6 style=\"text-align: justify;\"><sup>La red de Apoyo a Lorenza y Sayen compuesta principalmente por mujeres penquistas autoconvocadas se han articulado a trav\u00e9s de distintas acciones y comunicados en torno a la consigna de \u00abJusticia y Reparaci\u00f3n para Lorenza y Sayen\u00bb y as\u00ed, en conjunto a diversas organizaciones sociales, territoriales, nacionales e internacionales, art\u00edsticas, feministas y culturales, han firmado una <a href=\"https:\/\/www.facebook.com\/notes\/red-de-mujeres-autoconvocadas-por-el-pueblo-naci%C3%B3n-mapuche\/declaraci%C3%B3n-p%C3%BAblica-ante-la-tortura-del-estado-chileno-por-lorenza-y-sayen-denun\/1980550085313968\/\">declaraci\u00f3n p\u00fablica<\/a> donde exigen al Estado Chileno \u201cque reconozca y se manifieste ante los hechos de violaci\u00f3n a los derechos humanos, entre ellos, el derecho a la salud f\u00edsica y ps\u00edquica, el derecho a no ser sometida a la violencia de g\u00e9nero, la vulneraci\u00f3n de los derechos del ni\u00f1o\/a y los derechos espec\u00edficos consagrados en el convenio 169 de la OIT y la declaraci\u00f3n ONU en relaci\u00f3n a los derechos de los pueblos ind\u00edgenas\u201d. El Estado chileno, aseguran, \u201cdebe responder ante el art\u00edculo 5 de la Declaraci\u00f3n Universal de Derechos Humanos y el art\u00edculo 7 del Pacto Internacional de Derechos Civiles y Pol\u00edticos, que se\u00f1alan que nadie ser\u00e1 sometido a torturas ni a penas o tratos crueles, inhumanos o degradantes\u201d.<\/sup><\/h6>\n<p><\/p>\n<p>*Fotograf\u00eda principal:\u00a0Dragomir Yankovic\/Aton Chile<\/p>\n<p><\/p>\n","protected":false},"excerpt":{"rendered":"<p>Lorenza Cayuhan fue detenida el 15 de Diciembre del 2015 acusada por un testigo sin rostro del supuesto robo de una motosierra, un cooler, un GPS, una lima, un hacha y una c\u00e1mara a trabajadores de la empresa FUMIVAR, prestadora de servicios de Forestal Arauco. Lorenza ten\u00eda ya 4 meses de embarazo cuando fue condenada.<\/p>\n","protected":false},"author":178,"featured_media":8877,"comment_status":"closed","ping_status":"closed","sticky":false,"template":"","format":"standard","meta":{"_acf_changed":false,"footnotes":""},"categories":[23],"tags":[950,1229,284,586,1285,1284],"taxonomy\/multi-autores":[],"taxonomy\/archivo-especiales":[],"class_list":["post-8873","post","type-post","status-publish","format-standard","has-post-thumbnail","hentry","category-civilizacion-y-barbarie","tag-civilizacion-y-barbarie","tag-estado-chileno","tag-lorenza-cayuhan","tag-pueblo-mapuche","tag-represion","tag-sayen"],"acf":[],"_links":{"self":[{"href":"https:\/\/razacomica.cl\/sitio\/wp-json\/wp\/v2\/posts\/8873","targetHints":{"allow":["GET"]}}],"collection":[{"href":"https:\/\/razacomica.cl\/sitio\/wp-json\/wp\/v2\/posts"}],"about":[{"href":"https:\/\/razacomica.cl\/sitio\/wp-json\/wp\/v2\/types\/post"}],"author":[{"embeddable":true,"href":"https:\/\/razacomica.cl\/sitio\/wp-json\/wp\/v2\/users\/178"}],"replies":[{"embeddable":true,"href":"https:\/\/razacomica.cl\/sitio\/wp-json\/wp\/v2\/comments?post=8873"}],"version-history":[{"count":0,"href":"https:\/\/razacomica.cl\/sitio\/wp-json\/wp\/v2\/posts\/8873\/revisions"}],"wp:featuredmedia":[{"embeddable":true,"href":"https:\/\/razacomica.cl\/sitio\/wp-json\/wp\/v2\/media\/8877"}],"wp:attachment":[{"href":"https:\/\/razacomica.cl\/sitio\/wp-json\/wp\/v2\/media?parent=8873"}],"wp:term":[{"taxonomy":"category","embeddable":true,"href":"https:\/\/razacomica.cl\/sitio\/wp-json\/wp\/v2\/categories?post=8873"},{"taxonomy":"post_tag","embeddable":true,"href":"https:\/\/razacomica.cl\/sitio\/wp-json\/wp\/v2\/tags?post=8873"},{"taxonomy":"multi-autores","embeddable":true,"href":"https:\/\/razacomica.cl\/sitio\/wp-json\/wp\/v2\/taxonomy\/multi-autores?post=8873"},{"taxonomy":"archivo-especiales","embeddable":true,"href":"https:\/\/razacomica.cl\/sitio\/wp-json\/wp\/v2\/taxonomy\/archivo-especiales?post=8873"}],"curies":[{"name":"wp","href":"https:\/\/api.w.org\/{rel}","templated":true}]}}