{"id":9238,"date":"2019-05-05T01:20:27","date_gmt":"2019-05-05T01:20:27","guid":{"rendered":"http:\/\/nueva.razacomica.cl\/?p=9238"},"modified":"2020-07-25T00:00:21","modified_gmt":"2020-07-25T00:00:21","slug":"acuerpamiento-nuevas-visualidades-y-experiencias-en-torno-a-las-cuerpas","status":"publish","type":"post","link":"https:\/\/razacomica.cl\/sitio\/2019\/05\/05\/acuerpamiento-nuevas-visualidades-y-experiencias-en-torno-a-las-cuerpas\/","title":{"rendered":"Acuerpamiento: nuevas visualidades y experiencias en torno a las cuerpas"},"content":{"rendered":"<p><\/p>\n<p class=\"align-right\">15 mujeres de 17 a 70 a\u00f1os de la Isla Grande de Chilo\u00e9, espec\u00edficamente de Ancud, se reunieron con el objetivo de sanar y resignificar sus corporalidades y autoimagen en sesiones registradas fotogr\u00e1ficamente por dos artistas, Mar\u00eda Jes\u00fas Torres y Paloma Karu, quienes se convocaron para ser parte de \u201c<em>A<\/em>cuerpamiento: reconciliaci\u00f3n de nuestras cuerpas\u201d.<\/p>\n<p>&nbsp;<\/p>\n<p>Durante seis sesiones las participantes trabajaron, reflexionaron, dialogaron y tensionaron junto a las creadoras el tema de sus corporalidades y autoimagen. \u00bfEl resultado? Un viaje conjunto, un lugar seguro, una nueva mirada; todo esto, reflejado en una exposici\u00f3n de 26 fotograf\u00edas en blanco y negro, cuyos fragmentos compartimos a continuaci\u00f3n. [M\u00e1s sobre #Acuerpamiento en<strong><a href=\"https:\/\/vimeo.com\/332042743\"> este video<\/a><\/strong>]<\/p>\n<p><\/p>\n<p style=\"text-align: right;\">[Pincha sobre las imagen para verla en tama\u00f1o grande]<\/p>\n<p><\/p>\n<p>[envira-gallery id=\u00bb12104&#8243;]<\/p>\n<p><\/p>\n<p>M\u00e1s informaci\u00f3n sobre este proceso creativo, art\u00edstico, sanador y colectivo <strong><a href=\"https:\/\/vimeo.com\/332042743\" target=\"_blank\" rel=\"noopener noreferrer\">ac\u00e1<\/a>.<\/strong><\/p>\n<p><\/p>\n","protected":false},"excerpt":{"rendered":"<p>Un viaje conjunto, un lugar seguro, una nueva mirada; todo esto, reflejado en una exposici\u00f3n de 26 fotograf\u00edas en blanco y negro, cuyos fragmentos compartimos a continuaci\u00f3n.<\/p>\n","protected":false},"author":2,"featured_media":9229,"comment_status":"closed","ping_status":"closed","sticky":false,"template":"","format":"standard","meta":{"_acf_changed":false,"footnotes":""},"categories":[579],"tags":[1370,1371,1372,51,37],"taxonomy\/multi-autores":[],"taxonomy\/archivo-especiales":[],"class_list":["post-9238","post","type-post","status-publish","format-standard","has-post-thumbnail","hentry","category-serie-foto","tag-acuerpamiento","tag-chiloe","tag-cuerpas","tag-feminismo","tag-raza-comica"],"acf":[],"_links":{"self":[{"href":"https:\/\/razacomica.cl\/sitio\/wp-json\/wp\/v2\/posts\/9238","targetHints":{"allow":["GET"]}}],"collection":[{"href":"https:\/\/razacomica.cl\/sitio\/wp-json\/wp\/v2\/posts"}],"about":[{"href":"https:\/\/razacomica.cl\/sitio\/wp-json\/wp\/v2\/types\/post"}],"author":[{"embeddable":true,"href":"https:\/\/razacomica.cl\/sitio\/wp-json\/wp\/v2\/users\/2"}],"replies":[{"embeddable":true,"href":"https:\/\/razacomica.cl\/sitio\/wp-json\/wp\/v2\/comments?post=9238"}],"version-history":[{"count":0,"href":"https:\/\/razacomica.cl\/sitio\/wp-json\/wp\/v2\/posts\/9238\/revisions"}],"wp:featuredmedia":[{"embeddable":true,"href":"https:\/\/razacomica.cl\/sitio\/wp-json\/wp\/v2\/media\/9229"}],"wp:attachment":[{"href":"https:\/\/razacomica.cl\/sitio\/wp-json\/wp\/v2\/media?parent=9238"}],"wp:term":[{"taxonomy":"category","embeddable":true,"href":"https:\/\/razacomica.cl\/sitio\/wp-json\/wp\/v2\/categories?post=9238"},{"taxonomy":"post_tag","embeddable":true,"href":"https:\/\/razacomica.cl\/sitio\/wp-json\/wp\/v2\/tags?post=9238"},{"taxonomy":"multi-autores","embeddable":true,"href":"https:\/\/razacomica.cl\/sitio\/wp-json\/wp\/v2\/taxonomy\/multi-autores?post=9238"},{"taxonomy":"archivo-especiales","embeddable":true,"href":"https:\/\/razacomica.cl\/sitio\/wp-json\/wp\/v2\/taxonomy\/archivo-especiales?post=9238"}],"curies":[{"name":"wp","href":"https:\/\/api.w.org\/{rel}","templated":true}]}}