{"id":9696,"date":"2019-07-15T03:11:37","date_gmt":"2019-07-15T03:11:37","guid":{"rendered":"http:\/\/nueva.razacomica.cl\/?p=9696"},"modified":"2019-07-19T16:09:19","modified_gmt":"2019-07-19T16:09:19","slug":"una-noche-con-pedro-lemebel","status":"publish","type":"post","link":"https:\/\/razacomica.cl\/sitio\/2019\/07\/15\/una-noche-con-pedro-lemebel\/","title":{"rendered":"Una noche con Pedro Lemebel"},"content":{"rendered":"<p><\/p>\n<h6 style=\"text-align: right;\">&lt;A mis primas Gal\u00e1n, estas letras que se empa\u00f1an en la humedad de su mirada. Con el coraz\u00f3n&gt;.<\/h6>\n<h6 style=\"text-align: right;\"><em>\u00a0<\/em><\/h6>\n<h6 style=\"text-align: right;\">Pedro Lemebel. Stgo. 2004<\/h6>\n<p class=\"align-right\">\u00a0<\/p>\n<h6 style=\"text-align: justify; background: white; margin: 0cm 0cm 7.2pt 0cm;\"><span lang=\"ES-CL\" style=\"font-family: 'Arial',sans-serif; color: #414042;\">Conoc\u00ed a Pedro Lemebel el a\u00f1o 2004 en Santiago de Chile. Fue en el <i>II Seminario Internacional Sexualidades y Sociedades Contempor\u00e1neas<\/i> <i>2004: Ciudad y Pol\u00edtica<\/i>. \u00a1Qu\u00e9 nombre! Un encuentro de artistas, feministas, locas y maricas del margen; todo un despiste para sus organizadoras, el Departamento de Prog\u00e9nero de la Universidad <i>Academia de Humanismo Cristiano<\/i>. La invitaci\u00f3n no llegaba porque s\u00ed, sino que fue m\u00e1s bien un camino cargado de historias y complicidades entre Susanna Rance, nombre legal de mi querida hermana K\u2013os Gal\u00e1n, la incitadora Virginia Ayll\u00f3n, y la inspiradora Diamela Eltit (Chile, Premio Nacional de Literatura, 2018).\u00a0<\/span><\/h6>\n<h6 style=\"text-align: justify; background: white; margin: 0cm 0cm 7.2pt 0cm;\"><span lang=\"ES-CL\" style=\"font-family: 'Arial',sans-serif; color: #414042;\">Curiosamente, Diamela inici\u00f3 su texto enfatizando en la necesidad de que Bolivia tenga una salida al mar. Reconoci\u00f3 all\u00ed (a\u00f1o 2004) que el malestar boliviano contra Chile era leg\u00edtimo y requer\u00eda de una soluci\u00f3n que s\u00f3lo pod\u00eda ser mar\u00edtima, no obstante, se retardaba y retardaba. Su reflexi\u00f3n gir\u00f3 luego hacia una diversa noci\u00f3n de l\u00edmites, esta vez culturales, y habl\u00f3 del aporte de la Familia Gal\u00e1n. Entonces, fue Diamela la responsable de que el mundo cultural en Santiago de Chile supiera de nuestra existencia. Seguramente as\u00ed llegamos a o\u00eddos de Pedro Lemebel.\u00a0<\/span><\/h6>\n<h6 style=\"text-align: justify; background: white; margin: 0cm 0cm 7.2pt 0cm;\"><span lang=\"ES-CL\" style=\"font-family: 'Arial',sans-serif; color: #414042; background: white;\">Lo que m\u00e1s ansiaba yo en Santiago era conocer a Lemebel. Diamela ya nos lo hab\u00eda retratado con las Cr\u00f3nicas de Las Yeguas del Apocalipsis, nombre con el que Pedro y Francisco Casas hab\u00edan denominado a su colectivo art\u00edstico. Yo conoc\u00eda todas aquellas atrevidas intervenciones de Las Yeguas y una de las im\u00e1genes que me llen\u00f3 de valor y deseo fue su irrupci\u00f3n en la Universidad de Chile (1988), desnudas, montadas en una yegua, con la consigna de refundar aquella universidad. La acci\u00f3n pretend\u00eda visibilizar los cuerpos homosexuales en resistencia y criticar a la dictadura y al sistema patriarcal que reflejaba la universidad como instituci\u00f3n-ancla de los valores conservadores del sistema. Esa potencia discursiva me conmov\u00eda. Y en pocas horas tendr\u00eda la posibilidad de ver a Pedro frente a m\u00ed.\u00a0<\/span><\/h6>\n<h6 style=\"text-align: justify; background: white; margin: 0cm 0cm 7.2pt 0cm;\"><span lang=\"ES-CL\" style=\"font-family: 'Arial',sans-serif; color: #414042;\">Aquel d\u00eda Pedro Lemebel se hizo esperar. Yo, vestida de unicornio en blanco y negro, y mi querida hermana K\u2013os trit\u00e9tica (vest\u00eda una polera con tres tetas), nos paseamos por la universidad antes de ingresar a nuestro panel (7 de abril 2004). A las 16:30 iniciamos el di\u00e1logo \u201cLa Familia Gal\u00e1n de Bolivia: una entrevista con Diamela Eltit\u201d. Yo buscaba a Pedro entre el p\u00fablico y no estaba. Mis ojitos pintados de marica pobre se llenaron de tristeza al no encontrar a mi diva star, a esa madre aguerrida que hizo de las locas un arma pol\u00edtica.\u00a0<\/span><\/h6>\n<h6 style=\"text-align: justify; background: white; margin: 0cm 0cm 7.2pt 0cm;\"><span lang=\"ES-CL\" style=\"font-family: 'Arial',sans-serif; color: #414042;\">Tuve que esperar al segundo d\u00eda para conocerlo. A las 12:30 comenzaba la tertulia \u201cIncitaciones de la Sexualidad: El uno por uno\u201d, donde participaban Pedro Lemebel, Nelly Richards y H\u00e9ctor Hern\u00e1ndez (bautizada luego como Descaro Gal\u00e1n). La hero\u00edna de mis lecturas entr\u00f3 en la sala toda vestida de negro. La gente ovacion\u00e1ndola y ella sabi\u00e9ndose amada. Me met\u00ed entre la gente y me apresur\u00e9 a presentarme. Me dijo: \u201cNi\u00f1a, yo sab\u00eda que estabas ac\u00e1\u201d, y remat\u00f3: \u201cTengo un regalito para ti, ni\u00f1a, que podr\u00e1s llev\u00e1rtelo hasta mi querida Bolivia\u201d. Emocionada, me sent\u00e9 a escucharlo.<\/span><\/h6>\n<h6 style=\"text-align: justify; background: white; margin: 0cm 0cm 7.2pt 0cm;\"><span lang=\"ES-CL\" style=\"font-family: 'Arial',sans-serif; color: #414042; background: white;\">Entre sarcasmos y risas, Pedro se llev\u00f3 al mundo por delante. Ley\u00f3 La noche Quiltra, discursos corales sobre la er\u00f3tica de la sexualidad y algunas amorosas perversiones sexuales que se publicitan en zonas marginales y demon\u00edacas de la noche. Luego, Lev\u00e1ntate, Pier Angeli, por dem\u00e1s sensible y develadora, parte de la historia coliza (jerga para denominar al marica) conectada con la historia de Violeta Parra. Hasta que finalmente dijo: \u201cTengo estos dos textos que voy a dedicarles a mis primas Gal\u00e1n\u201d.\u00a0<\/span><\/h6>\n<h6 style=\"text-align: justify; background: white; margin: 0cm 0cm 7.2pt 0cm;\"><span lang=\"ES-CL\" style=\"font-family: 'Arial',sans-serif; color: #414042;\">El primero est\u00e1 en su libro \u201cCr\u00f3nicas de Sidario: Los mil nombres de Mar\u00eda Camale\u00f3n\u201d (dijo que las Gal\u00e1n ten\u00edamos un conjunto de nombres que parec\u00edan sacados de un afiebrado santoral digital). Emocionada, grit\u00e9 y aplaud\u00ed como si estuviera en un concierto de rock. El segundo fue &lt;Carta a un ni\u00f1o boliviano que nunca vio la mar&gt;. Mis ojos se humedecieron. Pedro estaba leyendo parte de mi infancia; me hizo retornar a mi pasado olvidado. \u00a0Chile me vio nacer, pero mi madre nunca quiso que fuera chileno; ten\u00eda miedo a perderme ya que esos a\u00f1os ni bolivianas ni peruanas pod\u00edan inscribir a sus hijos porque dec\u00edan se los quitar\u00edan los milicos fascistas de los que tanto hablaba Pedro.<\/span><\/h6>\n<h6 style=\"text-align: justify; background: white; margin: 0cm 0cm 7.2pt 0cm;\"><span lang=\"ES-CL\" style=\"font-family: 'Arial',sans-serif; color: #414042;\">Terminado el evento, Pedro se acerc\u00f3: \u201cNi\u00f1a, esta noche las espero en casa para recorrer los rincones innombrables de Santiago\u201d, dijo. Ahora entiendo por qu\u00e9 el olor a mar y el sabor de los mariscos me conmueven hasta las l\u00e1grimas.\u00a0<\/span><\/h6>\n<h6 style=\"text-align: justify; background: white; margin: 0cm 0cm 7.2pt 0cm;\"><strong><span lang=\"ES-CL\" style=\"font-family: 'Arial',sans-serif; color: #414042;\">Un mar de sue\u00f1os<\/span><\/strong><\/h6>\n<h6 style=\"text-align: justify; background: white; margin: 0cm 0cm 7.2pt 0cm;\"><span lang=\"ES-CL\" style=\"font-family: 'Arial',sans-serif; color: #414042;\">Esa noche fue m\u00e1gica. Fuimos a buscarlo por un callej\u00f3n en la calle Dardignac, en Recoleta. Ese primer encuentro estuvo cargado de amor, de locura razonada, complicidades, borracheras, atrevimientos corporales. Nos cre\u00edamos invencibles, pero Pedro nos gan\u00f3 enteramente en bohemia, sencillez, profundidad de mar boliviano, pasiones urbanas y poes\u00eda en serio. Nos llev\u00f3 al inconsciente y a la inconsciencia.\u00a0<\/span><\/h6>\n<h6 style=\"text-align: justify; background: white; margin: 0cm 0cm 7.2pt 0cm;\"><span lang=\"ES-CL\" style=\"font-family: 'Arial',sans-serif; color: #414042;\">La Danna, quien era yo, se retir\u00f3 con desmayos, producto de no s\u00e9 qu\u00e9 mezclas delirantes, y la K\u2013os se fue fumando sus \u00faltimos humos. Tengo recuerdos borrosos de una caminata cerca de una autopista en la que quer\u00eda meterme en medio de los autos, producto de mis delirios placenteros. Entre risas de una fiesta en su mundo privado, entre lecturas que arrancaron l\u00e1grimas y amor al poeta, retornamos a La Paz con la promesa de que el siguiente 23 de marzo saldr\u00edamos por las calles pace\u00f1as vestidas de mar azul, a intervenir, relatando la &lt;Carta a un ni\u00f1o boliviano que nunca vio la mar&gt;. As\u00ed lo hicimos y le enviamos fotograf\u00edas de este taconeado caminar marino.\u00a0<\/span><\/h6>\n<h6 style=\"text-align: justify; background: white; margin: 0cm 0cm 7.2pt 0cm;\"><span lang=\"ES-CL\" style=\"font-family: 'Arial',sans-serif; color: #414042;\">Mi \u00faltimo encuentro con Pedro fue en el Museo Nacional de Etnograf\u00eda y Folklore, en marzo de 2012, cuando finalmente vino a Bolivia. El amor y la complicidad hab\u00edan crecido, su amor por Bolivia era muy fuerte, pero su salud no le permit\u00eda llegar. Esa vez s\u00ed estuvo con su voz algo apagada, pero persistente, incisiva. En un abrazo fraterno, envueltos por una mantilla irreverente, nos juramos amor eterno. \u00a0\u00a0<\/span><\/h6>\n<h6 style=\"text-align: justify; background: white; margin: 0cm 0cm 7.2pt 0cm;\"><span lang=\"ES-CL\" style=\"font-family: 'Arial',sans-serif; color: #414042;\">Fragmento del texto Carta a un ni\u00f1o boliviano que nunca vio la mar [note]<\/span><span lang=\"ES-CL\" style=\"font-family: 'Arial',sans-serif; color: #414042;\">Del libro <em>Adi\u00f3s, mariquita linda<\/em>.\u00a0<\/span><span lang=\"ES-CL\" style=\"font-family: 'Arial',sans-serif; color: #414042;\">Editorial Sudamericana, 2004.\u00a0<\/span><span lang=\"ES-CL\" style=\"font-family: 'Arial',sans-serif; color: #414042;\">[\/note]\u00a0<\/span><\/h6>\n<h6 style=\"text-align: justify; background: white; margin: 0cm 0cm 7.2pt 0cm;\"><span lang=\"ES-CL\" style=\"font-family: 'Arial',sans-serif; color: #414042;\">(&#8230;) \u201cA\u00fan as\u00ed, peque\u00f1o ni\u00f1o boliviano, te puedo contar c\u00f3mo conoc\u00ed la gigante mar, y dar\u00eda todo para que esta experiencia no te fuera ajena. Incluso, te regalo el metro marino que quiz\u00e1s me pertenece de esta larga culebra oce\u00e1nica. Tanta costa para que unos pocos y ociosos ricos se abaniquen con la propiedad de las aguas. Por eso, al escuchar el verso neopatri\u00f3tico de algunos chilenos me da verg\u00fcenza, sobre todo cuando hablan del mar ganado por las armas. Sobre todo al o\u00edr la soberbia presidencial descalificando el sue\u00f1o playero de un ni\u00f1o. Pero los presidentes pasan como las olas, y el dios de las aguas seguir\u00e1 esperando en su eternidad tu mirada de llokalla triste para iluminarla un d\u00eda con su rel\u00e1mpago azul\u201d.\u00a0<\/span><\/h6>\n<p><\/p>\n","protected":false},"excerpt":{"rendered":"<p>Pedro Lemebel regal\u00f3 su metro de mar. Lo escribi\u00f3 en su <Carta a un ni\u00f1o boliviano que nunca vio la mar>, que ley\u00f3 y entreg\u00f3 como regalo a David Aruquipa (Familia Gal\u00e1n). Luego se fueron a recorrer los rincones innombrables de Santiago.<\/p>\n","protected":false},"author":190,"featured_media":9697,"comment_status":"closed","ping_status":"closed","sticky":false,"template":"","format":"standard","meta":{"_acf_changed":false,"footnotes":""},"categories":[16],"tags":[694,1518,1517,1521,1516,1519,1515,1520],"taxonomy\/multi-autores":[],"taxonomy\/archivo-especiales":[],"class_list":["post-9696","post","type-post","status-publish","format-standard","has-post-thumbnail","hentry","category-la-ciudad-letrada","tag-bolivia","tag-carta-a-un-nino-boliviano","tag-diamela-eltit","tag-diva","tag-familia-galan","tag-mar","tag-pedro-lemebel","tag-yeguas-del-apocalipsis"],"acf":[],"_links":{"self":[{"href":"https:\/\/razacomica.cl\/sitio\/wp-json\/wp\/v2\/posts\/9696","targetHints":{"allow":["GET"]}}],"collection":[{"href":"https:\/\/razacomica.cl\/sitio\/wp-json\/wp\/v2\/posts"}],"about":[{"href":"https:\/\/razacomica.cl\/sitio\/wp-json\/wp\/v2\/types\/post"}],"author":[{"embeddable":true,"href":"https:\/\/razacomica.cl\/sitio\/wp-json\/wp\/v2\/users\/190"}],"replies":[{"embeddable":true,"href":"https:\/\/razacomica.cl\/sitio\/wp-json\/wp\/v2\/comments?post=9696"}],"version-history":[{"count":0,"href":"https:\/\/razacomica.cl\/sitio\/wp-json\/wp\/v2\/posts\/9696\/revisions"}],"wp:featuredmedia":[{"embeddable":true,"href":"https:\/\/razacomica.cl\/sitio\/wp-json\/wp\/v2\/media\/9697"}],"wp:attachment":[{"href":"https:\/\/razacomica.cl\/sitio\/wp-json\/wp\/v2\/media?parent=9696"}],"wp:term":[{"taxonomy":"category","embeddable":true,"href":"https:\/\/razacomica.cl\/sitio\/wp-json\/wp\/v2\/categories?post=9696"},{"taxonomy":"post_tag","embeddable":true,"href":"https:\/\/razacomica.cl\/sitio\/wp-json\/wp\/v2\/tags?post=9696"},{"taxonomy":"multi-autores","embeddable":true,"href":"https:\/\/razacomica.cl\/sitio\/wp-json\/wp\/v2\/taxonomy\/multi-autores?post=9696"},{"taxonomy":"archivo-especiales","embeddable":true,"href":"https:\/\/razacomica.cl\/sitio\/wp-json\/wp\/v2\/taxonomy\/archivo-especiales?post=9696"}],"curies":[{"name":"wp","href":"https:\/\/api.w.org\/{rel}","templated":true}]}}