{"id":9975,"date":"2019-07-20T04:26:38","date_gmt":"2019-07-20T04:26:38","guid":{"rendered":"http:\/\/nueva.razacomica.cl\/?p=9975"},"modified":"2019-08-16T04:37:53","modified_gmt":"2019-08-16T04:37:53","slug":"complejo-conejo-activando-el-espacio-publico","status":"publish","type":"post","link":"https:\/\/razacomica.cl\/sitio\/2019\/07\/20\/complejo-conejo-activando-el-espacio-publico\/","title":{"rendered":"Complejo Conejo: activando el espacio p\u00fablico"},"content":{"rendered":"<p><\/p>\n<p>&nbsp;<\/p>\n<p>La Cuadrienal de Praga (PQ) es, como su nombre lo indica, un evento que se realiza cada cuatro a\u00f1os en dicha ciudad desde 1967, en donde, durante diez d\u00edas aproximadamente, se exhibe la curator\u00eda que cada pa\u00eds participante ha hecho de su dise\u00f1o esc\u00e9nico a nivel nacional. Sin embargo, no es s\u00f3lo esto lo que la caracteriza, sino que adem\u00e1s la gran cantidad de categor\u00edas en la que artistas de todo el mundo pueden postular sus trabajos de dise\u00f1o y, \u00faltimamente, con la fuerza que cobra el trabajo transdisciplinar, performance.<\/p>\n<p>&nbsp;<\/p>\n<p>El pasado junio de 2019 se llev\u00f3 a cabo la d\u00e9cimocuarta versi\u00f3n de este festival y, junto con lo ya expuesto, es el trabajo transdisciplinar una excelente instancia tanto para la experimentaci\u00f3n como para abrir preguntas que rondan a quienes llevamos a cabo la creaci\u00f3n art\u00edstica. Una de las posibilidades que abr\u00eda la participaci\u00f3n en la PQ era la utilizaci\u00f3n de diversos espacios de la ciudad, tanto el mismo lugar de la exposici\u00f3n (el Centro de Exposiciones V\u00fdstavi\u0161t\u011b) como otros espacios de la ciudad (espacio p\u00fablico). Es puntualmente con \u00e9ste \u00faltimo tipo de arte, aquel que escapa la seguridad que ofrecen, por ejemplo, los muros de una galer\u00eda, sobre el que me gustar\u00eda reflexionar. En ese sentido, y a prop\u00f3sito de esta propuesta, creo necesario mirar el trabajo del colectivo nacional de performance \u201cComplejo Conejo\u201d, cuyo escenario es el espacio p\u00fablico.<\/p>\n<p>&nbsp;<\/p>\n<p>El \u00faltimo trabajo de Complejo Conejo, estrenado en Praga, se titula \u201cPECES CAMINANDO!\u201d y sit\u00faa a cinco peces antropom\u00f3rficos que recorren diversos puntos de gran afluencia de personas de la ciudad en un circuito fijo que, sin embargo, modifica su transitar al ir imitando las acciones que observan del p\u00fablico. Los cinco peces generan un di\u00e1logo entre ellos y con el p\u00fablico a lo largo de todo su trayecto, a modo de <em>\u201cimitation game\u201d<\/em> frente a los est\u00edmulos que la misma ciudad va ofreciendo.<\/p>\n<p>&nbsp;<\/p>\n<p>Adolfo Alb\u00e1n Achinta, en su art\u00edculo <em>\u201cArte y espacio p\u00fablico: \u00bfun encuentro posible?\u201d<\/em>, dir\u00e1 que \u201clo que tiene de p\u00fablico un espacio no es solamente la reglamentaci\u00f3n que el Estado pueda hacer de \u00e9l, tambi\u00e9n cuentan los usos sociales que en \u00e9l se desarrollen, como lugares de encuentro y socializaci\u00f3n de las experiencias, como sitios de comunicaci\u00f3n, como escenarios de diversas disputas, tensiones y conflictos, (..) y concertaciones de la vida colectiva.\u201d Frente a esto, y puntualmente centr\u00e1ndonos en esos \u201clugares de encuentro\u201d, es posible identificar que el gran riesgo que corren los espacios p\u00fablicos, tanto en Praga como en cualquier otra ciudad, es transformarse en el <em>background <\/em>de una postal.<\/p>\n<p>&nbsp;<\/p>\n<p>En muchos lugares el neoliberalismo fagocita gradualmente los espacios p\u00fablicos y varios autores plantean que el fin del espacio p\u00fablico en las ciudades neoliberales es inminente. \u00bfC\u00f3mo, entonces, activamos lugares ante esta inminente privatizaci\u00f3n? o, dicho de otra manera, \u00bfc\u00f3mo hacemos uso de las posibilidades que ofrecen estos espacios muchas veces con normas de comportamiento r\u00edgidas o que limitan la participaci\u00f3n en el espacio a un mero tr\u00e1nsito? Complejo Conejo, en su performance \u201cPECES CAMINANDO!\u201d responde: \u00bfQui\u00e9n puede prohibirnos andar con m\u00e1scaras de peces en la v\u00eda p\u00fablica?<\/p>\n<p>&nbsp;<\/p>\n<p>Este trabajo altamente visual estalla como una bomba\u00a0 y, mediante el juego de imitaci\u00f3n, vuelve a conectar espectador y performer, entrando de lleno en estos espacios de encuentro propios de los espacios p\u00fablicos. Adem\u00e1s, al ser el p\u00fablico el sustrato mismo del cual los peces obtienen material para la performance, se desdibuja el inicio de \u00e9sta, dando paso a un di\u00e1logo fluido y permanente en que tanto \u201cperformers\u201d como \u201cespectadores\u201d se necesitan entre s\u00ed.<\/p>\n<p>&nbsp;<\/p>\n<p>La generaci\u00f3n de un tercer espacio o espacio no productivo es lo que Complejo Conejo busca en su performance \u201cPECES CAMINANDO!\u201d, la generaci\u00f3n de un espacio de resistencia frente a lo depredador del modelo. De esta manera, Complejo Conejo logra instalarse con gran fuerza en el espacio p\u00fablico, destacando no s\u00f3lo por su particular despliegue est\u00e9tico, sino por la multiplicidad de interpretaciones que se extraen de sus trabajos, perfil\u00e1ndose como uno de los colectivos de performance urbana con mayor proyecci\u00f3n a nivel nacional.<\/p>\n<p><\/p>\n","protected":false},"excerpt":{"rendered":"<p>&nbsp; La Cuadrienal de Praga (PQ) es, como su nombre lo indica, un evento que se realiza cada cuatro a\u00f1os en dicha ciudad desde 1967, en donde, durante diez d\u00edas aproximadamente, se exhibe la curator\u00eda que cada pa\u00eds participante ha hecho de su dise\u00f1o esc\u00e9nico a nivel nacional. Sin embargo, no es s\u00f3lo esto lo [&hellip;]<\/p>\n","protected":false},"author":208,"featured_media":9976,"comment_status":"closed","ping_status":"closed","sticky":false,"template":"","format":"standard","meta":{"_acf_changed":false,"footnotes":""},"categories":[10,1],"tags":[],"taxonomy\/multi-autores":[],"taxonomy\/archivo-especiales":[],"class_list":["post-9975","post","type-post","status-publish","format-standard","has-post-thumbnail","hentry","category-persiana-americana","category-sin-categoria"],"acf":[],"_links":{"self":[{"href":"https:\/\/razacomica.cl\/sitio\/wp-json\/wp\/v2\/posts\/9975","targetHints":{"allow":["GET"]}}],"collection":[{"href":"https:\/\/razacomica.cl\/sitio\/wp-json\/wp\/v2\/posts"}],"about":[{"href":"https:\/\/razacomica.cl\/sitio\/wp-json\/wp\/v2\/types\/post"}],"author":[{"embeddable":true,"href":"https:\/\/razacomica.cl\/sitio\/wp-json\/wp\/v2\/users\/208"}],"replies":[{"embeddable":true,"href":"https:\/\/razacomica.cl\/sitio\/wp-json\/wp\/v2\/comments?post=9975"}],"version-history":[{"count":0,"href":"https:\/\/razacomica.cl\/sitio\/wp-json\/wp\/v2\/posts\/9975\/revisions"}],"wp:featuredmedia":[{"embeddable":true,"href":"https:\/\/razacomica.cl\/sitio\/wp-json\/wp\/v2\/media\/9976"}],"wp:attachment":[{"href":"https:\/\/razacomica.cl\/sitio\/wp-json\/wp\/v2\/media?parent=9975"}],"wp:term":[{"taxonomy":"category","embeddable":true,"href":"https:\/\/razacomica.cl\/sitio\/wp-json\/wp\/v2\/categories?post=9975"},{"taxonomy":"post_tag","embeddable":true,"href":"https:\/\/razacomica.cl\/sitio\/wp-json\/wp\/v2\/tags?post=9975"},{"taxonomy":"multi-autores","embeddable":true,"href":"https:\/\/razacomica.cl\/sitio\/wp-json\/wp\/v2\/taxonomy\/multi-autores?post=9975"},{"taxonomy":"archivo-especiales","embeddable":true,"href":"https:\/\/razacomica.cl\/sitio\/wp-json\/wp\/v2\/taxonomy\/archivo-especiales?post=9975"}],"curies":[{"name":"wp","href":"https:\/\/api.w.org\/{rel}","templated":true}]}}